{"id":1107,"date":"2023-01-30T15:16:41","date_gmt":"2023-01-30T12:16:41","guid":{"rendered":"https:\/\/www.zehrataskin.com\/?p=1107"},"modified":"2023-01-30T15:44:40","modified_gmt":"2023-01-30T12:44:40","slug":"unvan-kadro-sinavlar-kutlamalar-vesaire","status":"publish","type":"post","link":"https:\/\/www.zehrataskin.com\/index.php\/2023\/01\/30\/unvan-kadro-sinavlar-kutlamalar-vesaire\/","title":{"rendered":"Unvan, kadro, s\u0131navlar, kutlamalar vesaire&#8230;"},"content":{"rendered":"\n<p class=\"wp-block-paragraph\">(ki\u015fisel tarihime not, 26.01.2023)<\/p>\n\n\n\n<p class=\"wp-block-paragraph\">2021 y\u0131l\u0131 Ocak ay\u0131nda <a rel=\"noreferrer noopener\" href=\"http:\/\/www.zehrataskin.com\/index.php\/2021\/01\/20\/unvan\/\" target=\"_blank\">Unvan<\/a> ba\u015fl\u0131kl\u0131 bir yaz\u0131 yazm\u0131\u015ft\u0131m. <a rel=\"noreferrer noopener\" href=\"https:\/\/youtu.be\/qBLTlJ5vZBk\" target=\"_blank\">Reflektif&#8217;in panelinde<\/a> Emre Erdo\u011fan Hoca&#8217;dan duydu\u011fum deyimle &#8220;T\u00fcrkiye akademisinde do\u00e7ent olabilir&#8221; belgesini ald\u0131ktan sonra (tabire bay\u0131ld\u0131m, her yerde kullan\u0131r\u0131m ben bunu) beni hayli etkileyen bir j\u00fcri raporu \u00fczerine yazm\u0131\u015ft\u0131m o yaz\u0131y\u0131. \u0130sterseniz \u00f6nce onu okuyun, sonra bunu. \u0130sterseniz ikisini birden okumay\u0131n. Zira bu yaz\u0131 da t\u0131pk\u0131 di\u011feri gibi ki\u015fisel tarihime not d\u00fc\u015fmek \u00fczere kaleme al\u0131nd\u0131. <\/p>\n\n\n\n<p class=\"wp-block-paragraph\">Vermekten inan\u0131lmaz keyif ald\u0131\u011f\u0131m bilimsel ileti\u015fim derslerinin (doktora) ilk haftas\u0131na elimde tahta kalemi ile girip tahtaya bir \u00e7izgi \u00e7ekerek ba\u015fl\u0131yorum genelde. Bir taraf\u0131na <em>unvan<\/em>, di\u011fer taraf\u0131na ise <em>kadro <\/em>yaz\u0131yorum. Sonra kendi i\u00e7inde bir s\u00fcr\u00fc alt s\u0131n\u0131f, her s\u0131n\u0131f\u0131n ge\u00e7i\u015f kriterleri vs. Olduk\u00e7a detayl\u0131 anlat\u0131yorum derse tam olarak ba\u015flamadan \u00f6nce. \u00c7\u00fcnk\u00fc bilim insanlar\u0131 aras\u0131ndaki ileti\u015fim y\u00f6ntemlerini \u00f6\u011frenmeye \u00e7al\u0131\u015fan herkes \u00f6nce mevcut yap\u0131y\u0131 bilmeli. \u00c7\u00fcnk\u00fc t\u00fcm d\u00fcnyada ve T\u00fcrkiye&#8217;de bilimsel ileti\u015fimin temel sebebi bu \u00e7izgiler aras\u0131nda bir yer kapmak bir s\u00fcredir. Bilimsel ileti\u015fimi \u00f6\u011frenmek i\u00e7in temel tetikleyicileri bilmek gerek. Temel tetikleyici merak ya da toplumsal\/bilimsel katk\u0131 olmuyor s\u0131kl\u0131kla. Temel tetikleyici konum, unvan, kadro, ezilebilecek ba\u015flar vs. <\/p>\n\n\n\n<p class=\"wp-block-paragraph\">Ge\u00e7enlerde bol bol yay\u0131n yapmalar\u0131 beklenen bir grup gen\u00e7 ara\u015ft\u0131rmac\u0131 ile bu sistemi konu\u015furken do\u011fru bildikleri baz\u0131 yanl\u0131\u015flar\u0131 fark ettim. Sebebi ger\u00e7eklik alg\u0131lar\u0131n\u0131n \u00e7al\u0131\u015ft\u0131klar\u0131 \u00fcniversitelere veya birlikte \u00e7al\u0131\u015ft\u0131klar\u0131 hocalara g\u00f6re \u015fekillenmi\u015f olmas\u0131yd\u0131. Bu da beklenen bir \u015fey. Normalde unvan\/kadro ayr\u0131m\u0131n\u0131 bilmek i\u00e7in bilimsel ileti\u015fim dersine ihtiya\u00e7 yok. Ancak yine de anlat\u0131yorum ki ne ile kar\u015f\u0131la\u015facaklar\u0131n\u0131 bilsinler. Tabi her \u00fcniversite birbirinden farkl\u0131. Kiminde do\u00e7ent unvan\u0131n\u0131 ald\u0131\u011f\u0131n\u0131z g\u00fcn kadronuz \u00e7\u0131k\u0131yor, kiminde kadro sorunu var. Kimi \u00dcAK kriterlerinin ayn\u0131s\u0131n\u0131 kullan\u0131yor y\u00fckselmeler i\u00e7in, kiminin \u015fartlar\u0131 \u00e7ok farkl\u0131.  <\/p>\n\n\n\n<p class=\"wp-block-paragraph\">\u00d6te yandan \u00fc\u00e7 y\u0131ldan fazlad\u0131r dikey hiyerar\u015finin olmad\u0131\u011f\u0131 bir yerde (hi\u00e7 mi yok sorusunun cevab\u0131: Evet, hi\u00e7 yok) ara\u015ft\u0131rmac\u0131 olarak \u00e7al\u0131\u015ft\u0131\u011f\u0131mdan san\u0131r\u0131m, yukar\u0131daki sistemdeki hi\u00e7bir a\u015faman\u0131n, besin zincirinin hi\u00e7bir noktas\u0131n\u0131n, herhangi birinin akademik seviyesini belirlemek i\u00e7in kullan\u0131lamayaca\u011f\u0131n\u0131 da d\u00fc\u015f\u00fcn\u00fcyorum. Bu ne perhiz bu ne lahana tur\u015fusu derseniz a\u015fa\u011f\u0131daki tweetimi g\u00f6sterebilirim. T\u00fcrkiye&#8217;de dikey hiyerar\u015fiye kar\u015f\u0131y\u0131m dedi\u011finiz anda &#8220;zaten kar\u015f\u0131s\u0131n sen yae, sana istedi\u011fimiz gibi vurabiliriz&#8221; fikri do\u011fdu\u011fundan uzunca s\u00fcredir a\u015fa\u011f\u0131daki ilke do\u011frultusunda hareket ediyorum. (Blog yaz\u0131lar\u0131mda eski tweetlerimden al\u0131nt\u0131 yapmay\u0131 seviyorum. Tweetler kayboluyor -\u00e7\u00fcnk\u00fc bazen kod denemeleri yap\u0131yorum, blog yaz\u0131lar\u0131 kaybolmuyor).<\/p>\n\n\n<div class=\"wp-block-image\">\n<figure class=\"aligncenter size-full is-resized\"><img loading=\"lazy\" decoding=\"async\" src=\"https:\/\/www.zehrataskin.com\/wp-content\/uploads\/2023\/01\/image-1.png\" alt=\"\" class=\"wp-image-1149\" width=\"459\" height=\"241\" srcset=\"https:\/\/www.zehrataskin.com\/wp-content\/uploads\/2023\/01\/image-1.png 597w, https:\/\/www.zehrataskin.com\/wp-content\/uploads\/2023\/01\/image-1-300x157.png 300w\" sizes=\"auto, (max-width: 459px) 100vw, 459px\" \/><figcaption class=\"wp-element-caption\"><a href=\"https:\/\/twitter.com\/zehrataskin\/status\/1471761953349685253\" target=\"_blank\" rel=\"noreferrer noopener\">https:\/\/twitter.com\/zehrataskin\/status\/1471761953349685253<\/a><\/figcaption><\/figure>\n<\/div>\n\n\n<p class=\"wp-block-paragraph\">Neyse. 26 Ocak 2023 ba\u015fka bir milat oldu benim i\u00e7in. Ocak 2022&#8217;de b\u00f6l\u00fcme d\u00f6nd\u00fcm. K\u0131v\u0131rc\u0131k sa\u00e7l\u0131 g\u00fczel dostumun bunda etkisi\/katk\u0131s\u0131 b\u00fcy\u00fck. Ocak sonu kriter komisyonuna ba\u015fvuruda bulundum, Temmuz ay\u0131nda \u00e7\u0131kan kadroya ba\u015fvurdum. Ekim ay\u0131nda \u015fahane bir s\u00f6zl\u00fc s\u0131nava girdim. Hacettepe \u00dcniversitesi s\u00f6zl\u00fc s\u0131nav\u0131 devam ettirmeye karar verdi \u00e7\u00fcnk\u00fc. Do\u00e7entlik unvan\u0131 i\u00e7in ba\u015fvurdu\u011funuzda kurulan j\u00fcrinin kat\u0131ld\u0131\u011f\u0131 bir s\u00f6zl\u00fc s\u0131navdan ba\u015far\u0131l\u0131 olman\u0131z gerekiyor dosya de\u011ferlendirme s\u00fcrecinin ba\u015flamas\u0131 i\u00e7in -eski sistem. \u00c7ok g\u00fczel geri bildirimler ald\u0131m.  O kadar g\u00fczeldi ki s\u0131navdan sonra uzunca s\u00fcre yanaklar\u0131m a\u011fr\u0131maya devam etti. Sonra dosya de\u011ferlendirme j\u00fcrisi falan derken 26 Ocak tarihinde \u00f6nce Dekan hoca, sonra Rekt\u00f6r hoca taraf\u0131ndan arand\u0131m tebrik i\u00e7in. Vuhu, s\u00f6yledikleri \u015feyler \u00e7ok ho\u015fuma gitti. Takdir toplamak i\u00e7in \u00e7al\u0131\u015fm\u0131yoruz elbette ama yap\u0131lan i\u015fin g\u00f6r\u00fcnd\u00fc\u011f\u00fcn\u00fc\/anla\u015f\u0131ld\u0131\u011f\u0131n\u0131 bilmek insana keyif vermiyor diyen yalan s\u00f6yler. <\/p>\n\n\n<div class=\"wp-block-image\">\n<figure class=\"aligncenter size-full is-resized\"><img loading=\"lazy\" decoding=\"async\" src=\"https:\/\/www.zehrataskin.com\/wp-content\/uploads\/2023\/01\/image-2.png\" alt=\"\" class=\"wp-image-1150\" width=\"626\" height=\"54\" srcset=\"https:\/\/www.zehrataskin.com\/wp-content\/uploads\/2023\/01\/image-2.png 626w, https:\/\/www.zehrataskin.com\/wp-content\/uploads\/2023\/01\/image-2-300x26.png 300w\" sizes=\"auto, (max-width: 626px) 100vw, 626px\" \/><figcaption class=\"wp-element-caption\">Hehe :=)<\/figcaption><\/figure>\n<\/div>\n\n\n<p class=\"wp-block-paragraph\">Ayn\u0131 g\u00fcn t\u00fcm s\u00fcreci benle beraber takip eden ara\u015ft\u0131rma grubum ile ilk kutlamay\u0131 yapt\u0131k. Sonras\u0131nda uzaktan takip edip i\u00e7 \u00e7ekti\u011fim uluslararas\u0131 bir projeye kat\u0131lmam i\u00e7in teklif geldi bir ba\u015fka yerden. 26 Ocak hayli ba\u015fka bir hal ald\u0131 benim i\u00e7in. Ocak ay\u0131 do\u011fum g\u00fcn\u00fc ay\u0131m. Her sene Ocak ay\u0131nda \u00e7ok keyifli \u015feyler oluyor. Ay bitmeden bir de kar ya\u011farsa tad\u0131ndan yenmez bir Ocak ay\u0131 ge\u00e7mi\u015f olacak. <\/p>\n\n\n\n<p class=\"wp-block-paragraph\">Tavsiye vermekten pek haz etmem ama kendi t\u0131rnaklar\u0131n\u0131zla, hak ederek, s\u0131rt\u0131n\u0131zda kimsenin eli olmadan elde etti\u011finiz her \u015feyi \u00e7ok g\u00fcr\u00fclt\u00fcl\u00fc kutlay\u0131n. Konfeti patlatmak \u015fart de\u011fil. <\/p>\n\n\n\n<p class=\"wp-block-paragraph\">XOXO.<\/p>\n","protected":false},"excerpt":{"rendered":"<p>(ki\u015fisel tarihime not, 26.01.2023) 2021 y\u0131l\u0131 Ocak ay\u0131nda Unvan ba\u015fl\u0131kl\u0131 bir yaz\u0131 yazm\u0131\u015ft\u0131m. Reflektif&#8217;in panelinde Emre Erdo\u011fan Hoca&#8217;dan duydu\u011fum deyimle &#8220;T\u00fcrkiye akademisinde do\u00e7ent olabilir&#8221; belgesini&#8230;<\/p>\n<div class=\"more-link-wrapper\"><a class=\"more-link\" href=\"https:\/\/www.zehrataskin.com\/index.php\/2023\/01\/30\/unvan-kadro-sinavlar-kutlamalar-vesaire\/\">Devam\u0131n\u0131 okuyun<span class=\"screen-reader-text\">Unvan, kadro, s\u0131navlar, kutlamalar vesaire&#8230;<\/span><\/a><\/div>\n","protected":false},"author":1,"featured_media":0,"comment_status":"open","ping_status":"open","sticky":false,"template":"","format":"standard","meta":{"_jetpack_newsletter_access":"","_jetpack_dont_email_post_to_subs":false,"_jetpack_newsletter_tier_id":0,"_jetpack_memberships_contains_paywalled_content":false,"_jetpack_feature_clip_id":0,"_jetpack_memberships_contains_paid_content":false,"footnotes":"","jetpack_post_was_ever_published":false},"categories":[1],"tags":[],"class_list":["post-1107","post","type-post","status-publish","format-standard","hentry","category-genel","entry"],"jetpack_sharing_enabled":true,"jetpack_featured_media_url":"","_links":{"self":[{"href":"https:\/\/www.zehrataskin.com\/index.php\/wp-json\/wp\/v2\/posts\/1107","targetHints":{"allow":["GET"]}}],"collection":[{"href":"https:\/\/www.zehrataskin.com\/index.php\/wp-json\/wp\/v2\/posts"}],"about":[{"href":"https:\/\/www.zehrataskin.com\/index.php\/wp-json\/wp\/v2\/types\/post"}],"author":[{"embeddable":true,"href":"https:\/\/www.zehrataskin.com\/index.php\/wp-json\/wp\/v2\/users\/1"}],"replies":[{"embeddable":true,"href":"https:\/\/www.zehrataskin.com\/index.php\/wp-json\/wp\/v2\/comments?post=1107"}],"version-history":[{"count":5,"href":"https:\/\/www.zehrataskin.com\/index.php\/wp-json\/wp\/v2\/posts\/1107\/revisions"}],"predecessor-version":[{"id":1158,"href":"https:\/\/www.zehrataskin.com\/index.php\/wp-json\/wp\/v2\/posts\/1107\/revisions\/1158"}],"wp:attachment":[{"href":"https:\/\/www.zehrataskin.com\/index.php\/wp-json\/wp\/v2\/media?parent=1107"}],"wp:term":[{"taxonomy":"category","embeddable":true,"href":"https:\/\/www.zehrataskin.com\/index.php\/wp-json\/wp\/v2\/categories?post=1107"},{"taxonomy":"post_tag","embeddable":true,"href":"https:\/\/www.zehrataskin.com\/index.php\/wp-json\/wp\/v2\/tags?post=1107"}],"curies":[{"name":"wp","href":"https:\/\/api.w.org\/{rel}","templated":true}]}}