{"id":1208,"date":"2023-03-10T12:19:40","date_gmt":"2023-03-10T09:19:40","guid":{"rendered":"https:\/\/www.zehrataskin.com\/?p=1208"},"modified":"2023-03-10T12:28:01","modified_gmt":"2023-03-10T09:28:01","slug":"liste-olusturma-hevesi-ile-disarida-biraktiklarimiz","status":"publish","type":"post","link":"https:\/\/www.zehrataskin.com\/index.php\/2023\/03\/10\/liste-olusturma-hevesi-ile-disarida-biraktiklarimiz\/","title":{"rendered":"Liste olu\u015fturma hevesi ile d\u0131\u015far\u0131da b\u0131rakt\u0131klar\u0131m\u0131z"},"content":{"rendered":"\n<p class=\"wp-block-paragraph\">Son g\u00fcnlerde akademimizdeki liste olu\u015fturma hevesine ili\u015fkin \u00e7ok fazla \u00f6rnekle kar\u015f\u0131la\u015ft\u0131m ve bu hevesle ilgili bir blog yaz\u0131s\u0131 yazmam ka\u00e7\u0131n\u0131lmaz oldu. Dergi listesi olsun, onlarda yay\u0131n yapal\u0131m istiyoruz. \u0130yi \u00fcniversitelerin listesi olsun, \u00e7ocuklar\u0131m\u0131z oralarda okusunlar istiyoruz. \u0130yi fonlay\u0131c\u0131lar\u0131n listesi olsun, onlardan fon alal\u0131m istiyoruz. Hatta bu da yetmiyor en iyisinden en k\u00f6t\u00fcs\u00fcne s\u0131ralans\u0131nlar ve biz bu s\u0131ralamaya g\u00f6re se\u00e7im\/de\u011ferlendirme yapal\u0131m istiyoruz. Bu yakla\u015f\u0131m da mevcut sistemlerin ve politikalar\u0131n do\u011fru \u00e7al\u0131\u015fmamas\u0131na neden oluyor. <\/p>\n\n\n\n<p class=\"wp-block-paragraph\"><strong>\u00dcniversite s\u0131ralama hevesi<\/strong><\/p>\n\n\n\n<p class=\"wp-block-paragraph\">Son g\u00fcnlerde \u00e7ok maruz kald\u0131\u011f\u0131m\u0131z bir konu uluslararas\u0131 \u00fcniversite s\u0131ralama sistemlerinde &#8220;iyi&#8221; olarak etiketlenmi\u015f \u00fcniversitelerin iyi kabul edilip t\u00fcm yat\u0131r\u0131mlar\u0131n bu \u00fcniversitelere yap\u0131lmas\u0131. S\u0131ralama sistemlerinin sorunlar\u0131n\u0131 \u00e7ok yerde yazd\u0131k, konu\u015ftuk. Burada konunun biraz daha farkl\u0131 bir boyutunu ele almak istiyorum. <\/p>\n\n\n\n<p class=\"wp-block-paragraph\">\u00d6rne\u011fin bug\u00fcn YLSY program\u0131yla yurtd\u0131\u015f\u0131na gitmek isteyen bir \u00f6\u011frencinin se\u00e7ebilece\u011fi okullar \u015fu \u015fekilde tan\u0131mlan\u0131yor: <\/p>\n\n\n\n<figure class=\"wp-block-image size-large\"><img loading=\"lazy\" decoding=\"async\" width=\"1024\" height=\"93\" src=\"https:\/\/www.zehrataskin.com\/wp-content\/uploads\/2023\/03\/image-1024x93.png\" alt=\"\" class=\"wp-image-1210\" srcset=\"https:\/\/www.zehrataskin.com\/wp-content\/uploads\/2023\/03\/image-1024x93.png 1024w, https:\/\/www.zehrataskin.com\/wp-content\/uploads\/2023\/03\/image-300x27.png 300w, https:\/\/www.zehrataskin.com\/wp-content\/uploads\/2023\/03\/image-768x70.png 768w, https:\/\/www.zehrataskin.com\/wp-content\/uploads\/2023\/03\/image.png 1457w\" sizes=\"auto, (max-width: 1024px) 100vw, 1024px\" \/><figcaption class=\"wp-element-caption\">Vallahi de s\u0131k\u00e7a sorulan sorulardaki a\u00e7\u0131klama burada bitiyor. \u0130nanm\u0131yorsan a\u00e7 bak: <a href=\"https:\/\/yyegm.meb.gov.tr\/www\/sss.php\" target=\"_blank\" rel=\"noreferrer noopener\">https:\/\/yyegm.meb.gov.tr\/www\/sss.php <\/a><\/figcaption><\/figure>\n\n\n\n<p class=\"wp-block-paragraph\">T\u00dcB\u0130TAK fonlar\u0131nda da benzer bir yakla\u015f\u0131m var. <\/p>\n\n\n\n<figure class=\"wp-block-image size-full is-resized\"><img loading=\"lazy\" decoding=\"async\" src=\"https:\/\/www.zehrataskin.com\/wp-content\/uploads\/2023\/03\/image-1.png\" alt=\"\" class=\"wp-image-1211\" width=\"265\" height=\"351\" srcset=\"https:\/\/www.zehrataskin.com\/wp-content\/uploads\/2023\/03\/image-1.png 492w, https:\/\/www.zehrataskin.com\/wp-content\/uploads\/2023\/03\/image-1-227x300.png 227w\" sizes=\"auto, (max-width: 265px) 100vw, 265px\" \/><figcaption class=\"wp-element-caption\"><a href=\"https:\/\/www.tubitak.gov.tr\/sites\/default\/files\/2750\/egitim_grubu_0.pdf\" target=\"_blank\" rel=\"noreferrer noopener\">https:\/\/www.tubitak.gov.tr\/sites\/default\/files\/2750\/egitim_grubu_0.pdf<\/a><\/figcaption><\/figure>\n\n\n\n<p class=\"wp-block-paragraph\">Bir s\u00fcredir \u00fcniversitelerin akademik y\u00fckselme kriterlerinin yurtd\u0131\u015f\u0131 deneyimi beklentilerinde de durum ayn\u0131. \u00d6rne\u011fin a\u015fa\u011f\u0131da ODT\u00dc y\u00fckselme kriterlerindeki yurtd\u0131\u015f\u0131 tecr\u00fcbesi ile ilgili detay bilgi var. <\/p>\n\n\n\n<figure class=\"wp-block-image size-full is-resized\"><img loading=\"lazy\" decoding=\"async\" src=\"https:\/\/www.zehrataskin.com\/wp-content\/uploads\/2023\/03\/image-2.png\" alt=\"\" class=\"wp-image-1212\" width=\"668\" height=\"355\" srcset=\"https:\/\/www.zehrataskin.com\/wp-content\/uploads\/2023\/03\/image-2.png 668w, https:\/\/www.zehrataskin.com\/wp-content\/uploads\/2023\/03\/image-2-300x159.png 300w\" sizes=\"auto, (max-width: 668px) 100vw, 668px\" \/><figcaption class=\"wp-element-caption\"><a href=\"https:\/\/pdb.metu.edu.tr\/tr\/system\/files\/formlar\/akademikozluk\/odtu_ayk.pdf\" target=\"_blank\" rel=\"noreferrer noopener\">https:\/\/pdb.metu.edu.tr\/tr\/system\/files\/formlar\/akademikozluk\/odtu_ayk.pdf<\/a><\/figcaption><\/figure>\n\n\n\n<p class=\"wp-block-paragraph\">Listeler haz\u0131rlama ve bu listelere g\u00f6re se\u00e7im yapma arzusu \u00e7ok normal. \u00c7\u00fcnk\u00fc biliyoruz ki \u00fclkemizde var olmayan \u00fcniversitelerden al\u0131nan derecelerle g\u00f6rev yapan ara\u015ft\u0131rmac\u0131lar var (bkz. google haberler a\u00e7 &gt; T\u0131rnak i\u00e7inde &#8220;diplomas\u0131 sahte \u00e7\u0131kt\u0131&#8221; yaz ve \u00e7\u0131kan sonu\u00e7lar\u0131 incele). Ancak bu i\u015fin \u00e7\u00f6z\u00fcm\u00fc bir liste olu\u015fturmak ve listeye dahil olmayanlar\u0131n d\u0131\u015far\u0131da b\u0131rak\u0131lmas\u0131 ile s\u0131n\u0131rland\u0131\u011f\u0131nda \u00e7ok iyi ara\u015ft\u0131rmalar yapabilecek ara\u015ft\u0131rmac\u0131lar\u0131 d\u0131\u015far\u0131da b\u0131rakma riski de var. Halbuki ODT\u00dc kriterlerinde iyi bir yakla\u015f\u0131m da var: Kurum i\u00e7inde onay. Yani akran de\u011ferlendirmesi. Ben Barcelona k\u0131y\u0131lar\u0131na kafa dinlemeye gidip tatil yap\u0131p d\u00f6nebilirim. Oradaki \u00fcniversitelerden birinden ald\u0131\u011f\u0131m bir mektupla kriter gerekliliklerini sa\u011flayabilirim. \u00d6b\u00fcr tarafta Zimbabve&#8217;de su kuyular\u0131n\u0131n verimlili\u011finin art\u0131r\u0131lmas\u0131 i\u00e7in iki y\u0131l bilfiil kuyu ba\u015f\u0131nda \u00e7al\u0131\u015fabilirim de. Tatilim kriter gerekliliklerini kar\u015f\u0131larken, su kuyusu ba\u015f\u0131ndaki n\u00f6betimin sistemde kar\u015f\u0131l\u0131\u011f\u0131 yok. \u00c7\u00fcnk\u00fc \u00fc\u00e7\u00fcnc\u00fc d\u00fcnya \u00fclkesindeki deneyim deneyim say\u0131lmaz. Demem o ki yapt\u0131\u011f\u0131m\u0131z i\u015fin de\u011ferlendirilmesi gerek. <\/p>\n\n\n\n<p class=\"wp-block-paragraph\">Bu noktada akademikler ne ama\u00e7la yurtd\u0131\u015f\u0131na gider bakal\u0131m.<\/p>\n\n\n\n<figure class=\"wp-block-image size-full\"><img loading=\"lazy\" decoding=\"async\" width=\"936\" height=\"137\" src=\"https:\/\/www.zehrataskin.com\/wp-content\/uploads\/2023\/03\/image-3.png\" alt=\"\" class=\"wp-image-1213\" srcset=\"https:\/\/www.zehrataskin.com\/wp-content\/uploads\/2023\/03\/image-3.png 936w, https:\/\/www.zehrataskin.com\/wp-content\/uploads\/2023\/03\/image-3-300x44.png 300w, https:\/\/www.zehrataskin.com\/wp-content\/uploads\/2023\/03\/image-3-768x112.png 768w\" sizes=\"auto, (max-width: 936px) 100vw, 936px\" \/><figcaption class=\"wp-element-caption\">Bu \u00f6rnek benim yararland\u0131\u011f\u0131m fon program\u0131 olan <a href=\"https:\/\/nawa.gov.pl\/en\/scientists\/the-ulam-programme\" target=\"_blank\" rel=\"noreferrer noopener\">ULAM&#8217;\u0131n<\/a> kabul etti\u011fi aktiviteler. Fonlay\u0131c\u0131 NAWA&#8217;n\u0131n buna ek e\u011fitim ve di\u011fer \u015feklinde iki kategorisi daha var. <\/figcaption><\/figure>\n\n\n\n<p class=\"wp-block-paragraph\">Ev sahibi kurulu\u015ftaki ekiplerle birlikte, onlar\u0131n imkanlar\u0131n\u0131 kullanarak kansere \u00e7are bulmak i\u00e7in de gidebilirsiniz. Nijerya&#8217;daki \u00f6\u011frencilere e\u011fitim vermek i\u00e7in de. Doktora sonras\u0131 ara\u015ft\u0131rmalar\u0131n\u0131z\u0131 s\u00fcrd\u00fcrmek i\u00e7in de mesela. Amac\u0131n\u0131z neyse gitti\u011finiz \u00fclke de ona g\u00f6re \u015fekillenir. Bunun de\u011ferlendirme yolu da gitti\u011finiz \u00fclkenin veya kurumun de\u011fil, gidi\u015f amac\u0131n\u0131z\u0131n de\u011ferlendirilmesi. <\/p>\n\n\n\n<p class=\"wp-block-paragraph\">Diyebilirsiniz ki kurum i\u00e7inde yapt\u0131\u011f\u0131m\u0131z\u0131 de\u011ferlendirecek ki\u015filer de\u011ferlendirme yeteneklerine haiz mi veya \u00f6nyarg\u0131lar\/ki\u015fisel \u00e7at\u0131\u015fmalar sebebiyle sorunlu de\u011ferlendirmeler olabilir mi? E olur tabi ki, deli misin :=) Olmaz diyen \u00e7arp\u0131l\u0131r. E ne yapaca\u011f\u0131z dersen insan g\u00fcc\u00fcn\u00fc iyile\u015ftirmenin yolunu bulaca\u011f\u0131z kuzum. Ba\u015fka \u00e7aresi yok. <\/p>\n\n\n\n<p class=\"wp-block-paragraph\">Ha ama bu konunun konu\u015fulmas\u0131ndan \u00f6nce konu\u015fmam\u0131z gereken \u00e7ok ba\u015fka konular da var. Ben bir \u00f6rnek olarak duruyorum misal. Yurtd\u0131\u015f\u0131nda 2 y\u0131ll\u0131k ara\u015ft\u0131rma projesi yapt\u0131\u011f\u0131m i\u00e7in istifa ettim. \u00c7\u00fcnk\u00fc Y\u00d6K kanununda g\u00f6revlendirmelerle ilgili bo\u015fluklar var. Bu sorunlar\u0131 gidermeden gidilecek \u00fcniversiteleri belirlemeye \u00e7al\u0131\u015fmak abesle i\u015ftigal oluyor. <\/p>\n\n\n\n<p class=\"wp-block-paragraph\"><strong>Dergi s\u0131ralama hevesi<\/strong><\/p>\n\n\n\n<p class=\"wp-block-paragraph\">\u00dcniversitelerin d\u0131\u015f\u0131nda bir de dergi s\u0131ralama\/s\u0131n\u0131flama hevesimiz var. Q1\/Q2&#8217;ye tap\u0131yoruz. SCIE\/SSCI a\u015fk\u0131m\u0131z \u00e7\u00fcnk\u00fc etki fakt\u00f6r\u00fc hesaplanabiliyor. Bunu yaparken WoS&#8217;un bile art\u0131k \u00e7ok haz etmedi\u011fi konu s\u0131n\u0131flama sistemini (bunu at\u0131flara dayanan yeni bir s\u0131n\u0131flama geli\u015ftirmesinden anl\u0131yoruz) ve \u00f6ld\u00fcrmek i\u00e7in g\u00fcn sayd\u0131\u011f\u0131 etki fakt\u00f6r\u00fcn\u00fc (birazdan a\u00e7\u0131klayaca\u011f\u0131m bunlar\u0131n ne oldu\u011funu) kulland\u0131\u011f\u0131m\u0131z\u0131 bilmiyor muyuz, bilmezden mi geliyoruz a\u00e7\u0131k\u00e7as\u0131 anlayam\u0131yorum ben art\u0131k. <\/p>\n\n\n\n<p class=\"wp-block-paragraph\">A\u015fa\u011f\u0131daki \u015fekli WoS&#8217;taki k\u00fct\u00fcphanecilik ve bilgibilim alan\u0131ndaki dergileri s\u0131n\u0131flamak i\u00e7in yapt\u0131m. \u015eekilden g\u00f6r\u00fcld\u00fc\u011f\u00fc \u00fczere Q1 ve Q2 dergilerinin \u00e7o\u011fu sa\u011fl\u0131k ve y\u00f6netim dergileri. Yani bizim alan\u0131n dergileri de\u011fil. Onun d\u0131\u015f\u0131nda geleneksel k\u00fct\u00fcphanecilik dergilerinin neredeyse tamam\u0131 Q4. Disiplinlerin yay\u0131n yapabilecekleri dergi alternatifleri e\u015fit de\u011fil, y\u0131ll\u0131k \u00e7\u0131kan yay\u0131n say\u0131s\u0131 e\u015fit de\u011fil, ald\u0131klar\u0131\/alabilecekleri at\u0131f say\u0131lar\u0131 e\u015fit de\u011fil. Ancak biz e\u015fitlermi\u015f gibi poz kesip politika belirliyoruz. <\/p>\n\n\n\n<figure class=\"wp-block-image size-large\"><img loading=\"lazy\" decoding=\"async\" width=\"1024\" height=\"336\" src=\"https:\/\/www.zehrataskin.com\/wp-content\/uploads\/2023\/03\/image-4-1024x336.png\" alt=\"\" class=\"wp-image-1215\" srcset=\"https:\/\/www.zehrataskin.com\/wp-content\/uploads\/2023\/03\/image-4-1024x336.png 1024w, https:\/\/www.zehrataskin.com\/wp-content\/uploads\/2023\/03\/image-4-300x98.png 300w, https:\/\/www.zehrataskin.com\/wp-content\/uploads\/2023\/03\/image-4-768x252.png 768w, https:\/\/www.zehrataskin.com\/wp-content\/uploads\/2023\/03\/image-4.png 1415w\" sizes=\"auto, (max-width: 1024px) 100vw, 1024px\" \/><figcaption class=\"wp-element-caption\"><a href=\"https:\/\/link.springer.com\/article\/10.1007\/s11192-020-03800-2\/figures\/4\" target=\"_blank\" rel=\"noreferrer noopener\">https:\/\/link.springer.com\/article\/10.1007\/s11192-020-03800-2\/figures\/4<\/a><\/figcaption><\/figure>\n\n\n\n<p class=\"wp-block-paragraph\">Biz belirliyoruz ama \u00e7o\u011fu politika bu y\u0131l\u0131n Temmuz ay\u0131nda \u00e7\u00f6p olacak. Neden mi? \u0130\u015fte bundan.<\/p>\n\n\n\n<figure class=\"wp-block-image size-full\"><img loading=\"lazy\" decoding=\"async\" width=\"897\" height=\"432\" src=\"https:\/\/www.zehrataskin.com\/wp-content\/uploads\/2023\/03\/image-5.png\" alt=\"\" class=\"wp-image-1216\" srcset=\"https:\/\/www.zehrataskin.com\/wp-content\/uploads\/2023\/03\/image-5.png 897w, https:\/\/www.zehrataskin.com\/wp-content\/uploads\/2023\/03\/image-5-300x144.png 300w, https:\/\/www.zehrataskin.com\/wp-content\/uploads\/2023\/03\/image-5-768x370.png 768w\" sizes=\"auto, (max-width: 897px) 100vw, 897px\" \/><figcaption class=\"wp-element-caption\">https:\/\/clarivate.com\/blog\/clarivate-announces-changes-to-the-2023-journal-citation-reports-release\/<\/figcaption><\/figure>\n\n\n\n<p class=\"wp-block-paragraph\">2023 Temmuz&#8217;dan itibaren t\u00fcm indekslerin etki fakt\u00f6r\u00fc hesaplanacak. Yani ESCI ve AHCI dergileri de ayn\u0131 havuza girecek. \u00d6b\u00fcr tarafta \u00fc\u00e7 haneli etki fakt\u00f6r\u00fc de tek haneye d\u00fc\u015f\u00fcyor. Bu da ayn\u0131 s\u0131rada ony\u00fczmilyon dergi anlam\u0131na gelecek. A\u00e7\u0131k\u00e7as\u0131 bu de\u011fi\u015fimin getireceklerini b\u00fcy\u00fck merakla takip ediyorum. G\u00f6z\u00fcm kula\u011f\u0131m hakemin d\u00fcd\u00fc\u011f\u00fcnde. Bekleyelim g\u00f6relim. <\/p>\n\n\n\n<p class=\"wp-block-paragraph\"><strong>Fonlay\u0131c\u0131 belirleme hevesi<\/strong><\/p>\n\n\n\n<p class=\"wp-block-paragraph\">ODT\u00dc kriterlerini incelerken g\u00f6z\u00fcme \u00e7arpan bir di\u011fer konu da belirlenmi\u015f fonlay\u0131c\u0131lar. Korkutucu geldi bu bana. \u00d6rne\u011fin, m\u00fchendislik fak\u00fcltesindeki y\u00fckselmelerde kullan\u0131labilecek fon sa\u011flay\u0131c\u0131lar a\u015fa\u011f\u0131daki gibi. Fon sa\u011flay\u0131c\u0131lar\u0131 b\u00f6yle s\u0131n\u0131rlamak \u00e7ok tehlikeli. \u00d6rne\u011fin, benim bildi\u011fim kimya alan\u0131nda \u00e7al\u0131\u015fan kad\u0131n ara\u015ft\u0131rmac\u0131lar i\u00e7in \u00f6nemli fon sa\u011flay\u0131c\u0131lardan biri Loreal. Ancak listede ad\u0131 yok. Listelemenin sorunu tam olarak bu. D\u00fcnya \u00fczerinde zilyon \u00e7e\u015fit fonlay\u0131c\u0131 var. Ara\u015ft\u0131rmalar i\u00e7in fona ihtiya\u00e7 var. Ancak biz fonlay\u0131c\u0131lar\u0131 bu \u015fekilde s\u0131n\u0131rlarsak ara\u015ft\u0131rma projelerini de k\u0131s\u0131tl\u0131yoruz anlam\u0131na gelir bu. Zaten ara\u015ft\u0131rma fonlar\u0131n\u0131n da\u011f\u0131t\u0131lmas\u0131ndaki e\u015fitsizlikler bilinirken bu gibi listeler mevcut e\u015fitsizliklerin derinle\u015fmesine sebep olacakt\u0131r diye d\u00fc\u015f\u00fcn\u00fcyorum. <\/p>\n\n\n\n<figure class=\"wp-block-image size-large is-resized\"><img loading=\"lazy\" decoding=\"async\" src=\"https:\/\/www.zehrataskin.com\/wp-content\/uploads\/2023\/03\/image-6-1024x313.png\" alt=\"\" class=\"wp-image-1218\" width=\"718\" height=\"219\" srcset=\"https:\/\/www.zehrataskin.com\/wp-content\/uploads\/2023\/03\/image-6-1024x313.png 1024w, https:\/\/www.zehrataskin.com\/wp-content\/uploads\/2023\/03\/image-6-300x92.png 300w, https:\/\/www.zehrataskin.com\/wp-content\/uploads\/2023\/03\/image-6-768x235.png 768w, https:\/\/www.zehrataskin.com\/wp-content\/uploads\/2023\/03\/image-6.png 1382w\" sizes=\"auto, (max-width: 718px) 100vw, 718px\" \/><figcaption class=\"wp-element-caption\"><a href=\"https:\/\/pdb.metu.edu.tr\/tr\/system\/files\/formlar\/akademikozluk\/odtu_ayk.pdf\" target=\"_blank\" rel=\"noreferrer noopener\">https:\/\/pdb.metu.edu.tr\/tr\/system\/files\/formlar\/akademikozluk\/odtu_ayk.pdf<\/a><\/figcaption><\/figure>\n\n\n\n<p class=\"wp-block-paragraph\"><strong>E ne yapaca\u011f\u0131z?<\/strong><\/p>\n\n\n\n<p class=\"wp-block-paragraph\">B\u00fcy\u00fck \u00fcniversitelerin ald\u0131\u011f\u0131 t\u00fcm kararlar\u0131n ve hayata ge\u00e7irdi\u011fi t\u00fcm uygulamalar\u0131n genele yay\u0131lma potansiyelini biliyoruz. G\u00f6r\u00fcyor ve ya\u015f\u0131yoruz. O y\u00fczden bu gibi kararlar\u0131n uygulamaya ge\u00e7irmeden \u00f6nce her y\u00f6n\u00fcyle de\u011ferlendirilmesi \u015fart. <\/p>\n\n\n\n<p class=\"wp-block-paragraph\">Ha bir de ara\u015ft\u0131rma de\u011ferlendirmesi bir ara\u015ft\u0131rma alan\u0131. B\u00fcy\u00fck kararlar\u0131n ne getirip ne g\u00f6t\u00fcrebilece\u011fini konunun uzmanlar\u0131na her zaman sorabilirsiniz. Sormasan\u0131z da s\u00f6yleyebilirler ger\u00e7i. \u00c7\u00fcnk\u00fc \u00e7eneleri pek d\u00fc\u015f\u00fck. XOXO.<\/p>\n","protected":false},"excerpt":{"rendered":"<p>Son g\u00fcnlerde akademimizdeki liste olu\u015fturma hevesine ili\u015fkin \u00e7ok fazla \u00f6rnekle kar\u015f\u0131la\u015ft\u0131m ve bu hevesle ilgili bir blog yaz\u0131s\u0131 yazmam ka\u00e7\u0131n\u0131lmaz oldu. Dergi listesi olsun, onlarda&#8230;<\/p>\n<div class=\"more-link-wrapper\"><a class=\"more-link\" href=\"https:\/\/www.zehrataskin.com\/index.php\/2023\/03\/10\/liste-olusturma-hevesi-ile-disarida-biraktiklarimiz\/\">Devam\u0131n\u0131 okuyun<span class=\"screen-reader-text\">Liste olu\u015fturma hevesi ile d\u0131\u015far\u0131da b\u0131rakt\u0131klar\u0131m\u0131z<\/span><\/a><\/div>\n","protected":false},"author":1,"featured_media":0,"comment_status":"open","ping_status":"open","sticky":false,"template":"","format":"standard","meta":{"_jetpack_newsletter_access":"","_jetpack_dont_email_post_to_subs":false,"_jetpack_newsletter_tier_id":0,"_jetpack_memberships_contains_paywalled_content":false,"_jetpack_feature_clip_id":0,"_jetpack_memberships_contains_paid_content":false,"footnotes":"","jetpack_post_was_ever_published":false},"categories":[1],"tags":[],"class_list":["post-1208","post","type-post","status-publish","format-standard","hentry","category-genel","entry"],"jetpack_sharing_enabled":true,"jetpack_featured_media_url":"","_links":{"self":[{"href":"https:\/\/www.zehrataskin.com\/index.php\/wp-json\/wp\/v2\/posts\/1208","targetHints":{"allow":["GET"]}}],"collection":[{"href":"https:\/\/www.zehrataskin.com\/index.php\/wp-json\/wp\/v2\/posts"}],"about":[{"href":"https:\/\/www.zehrataskin.com\/index.php\/wp-json\/wp\/v2\/types\/post"}],"author":[{"embeddable":true,"href":"https:\/\/www.zehrataskin.com\/index.php\/wp-json\/wp\/v2\/users\/1"}],"replies":[{"embeddable":true,"href":"https:\/\/www.zehrataskin.com\/index.php\/wp-json\/wp\/v2\/comments?post=1208"}],"version-history":[{"count":6,"href":"https:\/\/www.zehrataskin.com\/index.php\/wp-json\/wp\/v2\/posts\/1208\/revisions"}],"predecessor-version":[{"id":1223,"href":"https:\/\/www.zehrataskin.com\/index.php\/wp-json\/wp\/v2\/posts\/1208\/revisions\/1223"}],"wp:attachment":[{"href":"https:\/\/www.zehrataskin.com\/index.php\/wp-json\/wp\/v2\/media?parent=1208"}],"wp:term":[{"taxonomy":"category","embeddable":true,"href":"https:\/\/www.zehrataskin.com\/index.php\/wp-json\/wp\/v2\/categories?post=1208"},{"taxonomy":"post_tag","embeddable":true,"href":"https:\/\/www.zehrataskin.com\/index.php\/wp-json\/wp\/v2\/tags?post=1208"}],"curies":[{"name":"wp","href":"https:\/\/api.w.org\/{rel}","templated":true}]}}