{"id":1386,"date":"2023-07-10T16:27:42","date_gmt":"2023-07-10T13:27:42","guid":{"rendered":"https:\/\/www.zehrataskin.com\/?p=1386"},"modified":"2023-07-10T17:21:19","modified_gmt":"2023-07-10T14:21:19","slug":"bosver-abi-ya-okuyup-ne-olacaksinlar-ile-urfada-oxford-vardi-da-biz-mi-okumadiklar-arasinda","status":"publish","type":"post","link":"https:\/\/www.zehrataskin.com\/index.php\/2023\/07\/10\/bosver-abi-ya-okuyup-ne-olacaksinlar-ile-urfada-oxford-vardi-da-biz-mi-okumadiklar-arasinda\/","title":{"rendered":"&#8220;Bo\u015fver abi ya, okuyup ne olacaks\u0131n!&#8221;lar ile &#8220;Urfa&#8217;da Oxford vard\u0131 da biz mi okumad\u0131k&#8221;lar aras\u0131nda&#8230;"},"content":{"rendered":"\n<p class=\"wp-block-paragraph\">Yaz d\u00f6nemine b\u0131rakt\u0131\u011f\u0131m bir d\u00fcnya g\u00fczel i\u015f var. Hepsinin ortak noktas\u0131 bir son tarihlerinin olmamas\u0131. Bu da beni bu i\u015fleri s\u00fcrekli olarak ertelemeye itiyor. \u0130ki haftad\u0131r &#8220;i\u015fte \u015fimdi zaman\u0131 geldi&#8221; desem de bir t\u00fcrl\u00fc istedi\u011fim odaklanmay\u0131 sa\u011flayam\u0131yorum. Bunda s\u0131cak havan\u0131n da etkisi var tabi ama bence en \u00f6nemli sebebi en temel odaklanma arac\u0131m\u0131 bir s\u00fcredir kullanm\u0131yor olmam. Blogum can\u0131m blogum. Ne zaman odaklanamasam imdad\u0131ma yeti\u015fiyor. Akl\u0131m\u0131n odalar\u0131nda kenarda k\u00f6\u015fede kalm\u0131\u015f her \u015feyi temizlemeliyim ki yenileri \u00f6ne \u00e7\u0131kabilsinler. Bug\u00fcn de bu motivasyonla buraday\u0131m. Ba\u015fl\u0131\u011f\u0131 g\u00f6rd\u00fckten sonra bug\u00fcne se\u00e7ti\u011fim temay\u0131 anlamak i\u00e7in kahin olman\u0131z gerekmez. Blog yaz\u0131lar\u0131mda s\u0131k s\u0131k yer verdi\u011fim bir konuya giriyorum yine: Olumsuzlu\u011fu yayma k\u00fclt\u00fcr\u00fcm\u00fcze. <\/p>\n\n\n\n<p class=\"wp-block-paragraph\">Ge\u00e7ende Twitter&#8217;da bir konuya fazla y\u00fckseldim. Sebebi ironi veya ofansif mizah maskesiyle gizlenen ve amac\u0131 o olmasa da t\u0131rnaklar\u0131yla bir yere gelmeye \u00e7al\u0131\u015fan gen\u00e7 insanlar\u0131n t\u00fcm motivasyonunu yok eden mini mini tirajikomik \u015fakac\u0131klard\u0131. Bu \u00fclkede ya\u015fanmaz, durulmaz, okunmaz, akademik kariyer yap\u0131lmaz&#8230; Bu \u00fclkede \u00f6l\u00fcn\u00fcr, s\u00fcr\u00fcl\u00fcn\u00fcr, \u00f6lmekten beter olunur&#8230; Bunu s\u00f6yledi\u011finiz veya ima etti\u011finiz bir gen\u00e7ten ne yapmas\u0131n\u0131 bekliyorsunuz? Bas\u0131p gitmesini mi? \u00d6lmesini mi? \u00d6ld\u00fcrmesini mi? Her \u015feyden \u00fcmidini kesip k\u00f6\u015fesinde \u00f6l\u00fcm\u00fc beklemesini mi? <\/p>\n\n\n\n<p class=\"wp-block-paragraph\">Bunu s\u0131k s\u0131k yaz\u0131yorum ama bu yakla\u015f\u0131m\u0131 \u015funa benzetiyorum. Yak\u0131n bir arkada\u015f\u0131n\u0131za \u00f6l\u00fcmc\u00fcl olmayan bir hastal\u0131k te\u015fhisi kondu. Tedavisi me\u015fakkatli ama m\u00fcmk\u00fcn. Tedavinin en \u00f6nemli k\u0131sm\u0131 moral ve motivasyonun y\u00fcksek tutulmas\u0131. Bu yap\u0131lan yorumlar, bu durumdaki en yak\u0131n arkada\u015f\u0131n\u0131z\u0131n kar\u015f\u0131s\u0131na ge\u00e7ip &#8220;vah vah, t\u00fch t\u00fch. Bence sen en iyisi intihar et. Nas\u0131lsa \u00f6leceksin, en az\u0131ndan \u00f6lece\u011fin tarihi sen se\u00e7mi\u015f olursun zuhahaha&#8221; demek gibi. Komik de\u011fil.<\/p>\n\n\n\n<p class=\"wp-block-paragraph\">\u00dclkede memur olan &#8220;aman diyim memur olmay\u0131n, biz yand\u0131k siz yanmay\u0131n&#8221; diyor. Akademisyen &#8220;bu \u00fclkede akademisyen olunmaz&#8221;. Esnaf, esnaf olmay\u0131 sal\u0131k vermiyor. \u00d6\u011frenci, \u00f6\u011frenci olmay\u0131. Bu <a rel=\"noreferrer noopener\" href=\"https:\/\/www.merriam-webster.com\/dictionary\/humblebrag\" target=\"_blank\"><em>humblebragging <\/em><\/a>ise anla\u015f\u0131l\u0131r belki ama de\u011filse \u00e7ok ilgin\u00e7 bir yakla\u015f\u0131m\u0131m\u0131z oldu\u011funun g\u00f6stergesi gibi. <\/p>\n\n\n\n<p class=\"wp-block-paragraph\">Kendi ba\u015fard\u0131\u011f\u0131 her \u015fey i\u00e7in azim, inan\u00e7, kararl\u0131l\u0131k vurgusu yapan insanlar\u0131n ba\u015fkalar\u0131n\u0131n ba\u015fard\u0131klar\u0131 i\u00e7in hep bir &#8220;ama&#8221; bulmas\u0131 gibi san\u0131r\u0131m. &#8220;Ama \u00e7evresi geni\u015f&#8221;, &#8220;ama a\u011fz\u0131 laf yap\u0131yor&#8221;, &#8220;ama bize o f\u0131rsatlar verilmedi&#8221;&#8230; Belki &#8220;biz X olduk da ne oldu, siz X olmay\u0131n&#8221; demeleri de bu anlay\u0131\u015f\u0131n tezah\u00fcr\u00fc. Adeta &#8220;bizim burada kurulu d\u00fczenimiz var yi\u011fenim, yoksa iki dakika durmay\u0131z&#8221;&#8230; <\/p>\n\n\n\n<p class=\"wp-block-paragraph\">Bu t\u00fcr muhabbetler se\u00e7im sonras\u0131 \u00f6\u011frencilerimden birinin &#8220;19 y\u0131ll\u0131k hayat\u0131m boyunca ne tuttu\u011fum tak\u0131m \u015fampiyon oldu, ne oy verdi\u011fim aday kazand\u0131. Safi ba\u015far\u0131s\u0131zl\u0131k&#8221; demesini hat\u0131rlat\u0131yor. Kimin ba\u015far\u0131s\u0131zl\u0131\u011f\u0131 bu? Onun mu? Yoksa onun sahip oldu\u011fu bu ba\u015far\u0131s\u0131zl\u0131k hissinin alt\u0131nda yatan sebep gen\u00e7lerin t\u00fcm gelecek umutlar\u0131n\u0131 s\u00f6nd\u00fcren &#8220;bu son se\u00e7im, yoksa sonras\u0131 tufan&#8221; laflar\u0131 m\u0131? En korkuncu da sonras\u0131 tufan diye korkutulan gen\u00e7ler i\u00e7in ba\u015far\u0131s\u0131zl\u0131k addedilen bu tufan, onlar\u0131 bununla korkutanlar i\u00e7in &#8220;olabilir b\u00f6yle \u015feyler yahu, \u00e7ok da \u015fey yapmay\u0131n&#8221;. Tekrar soruyorum, kimin ba\u015far\u0131s\u0131zl\u0131\u011f\u0131 bu? Gen\u00e7lerin mi? Ger\u00e7ekle\u015fmesinde en ufak bir etkilerinin olmad\u0131\u011f\u0131 durumlardan neden onlar sorumlu tutuluyorlar? Neden kendilerine k\u0131yma noktas\u0131na getiriliyorlar? Neden umutsuzca ve hayalsiz ya\u015famalar\u0131na izin veriyorsunuz? Neden bu topraklardan \u00e7ok uzaklarda ve i\u00e7inde sevdikleri olmayan hayaller kurmak zorunda b\u0131rak\u0131yorsunuz? Bunu onlara neden yap\u0131yorsunuz?<\/p>\n\n\n\n<p class=\"wp-block-paragraph\">Akademide besin zincirinin en tepesindekiler &#8220;bu \u00fclkede akademisyen olunmaz, bo\u015fverin gen\u00e7ler&#8221; diye ba\u011f\u0131r\u0131p duruyorlar. Hakl\u0131lar belki. Maa\u015flar d\u00fc\u015f\u00fck, laboratuvar ve fon imkanlar\u0131 az. \u0130yi i\u015f yapan\u0131n k\u0131ymeti yok, her k\u00f6\u015fe kap\u0131lm\u0131\u015f. Ancak bu profes\u00f6rler sahip olduklar\u0131 pozisyonun a\u011f\u0131rl\u0131\u011f\u0131n\u0131 kullanarak bu ortam\u0131 de\u011fi\u015ftirmek i\u00e7in hi\u00e7bir \u015fey yapm\u0131yorlar. Yapacak yerleri a\u011fr\u0131yor. Sonu\u00e7 kendilerine yarayacak olsa bile yapm\u0131yorlar. Tek yapt\u0131klar\u0131 &#8220;art\u0131k burada durulmaz ye\u011fenim&#8221;cilik. &#8220;Sen neden duruyorsun o zaman?&#8221; diye soran olmad\u0131\u011f\u0131 s\u00fcrece de devam edecekler. <\/p>\n\n\n\n<p class=\"wp-block-paragraph\">Akademide akl\u0131mdan \u00e7\u0131kmayan baz\u0131 anektodlar var. Uzun y\u0131llar \u00f6nce bir etkinli\u011fe kat\u0131ld\u0131m. Ben yine bildi\u011finiz gibi, bambambam. Di\u011fer konu\u015fmac\u0131lar da \u00f6yle. \u0130nan\u0131lmaz keyif ald\u0131m. Ayn\u0131 \u015feye ayn\u0131 tonda vurgu yapmak her zaman iyidir. Etkinlik sonras\u0131 sohbetlerinde aram\u0131zdaki en profes\u00f6r &#8220;ben konu\u015fur ele\u015ftiririm, de\u011fi\u015ftirmek benim i\u015fim de\u011fil&#8221; dedi. Neden olmas\u0131n? Konu\u015fuyorsak, \u015fikayet ediyorsak, ele\u015ftiriyorsak, de\u011fi\u015ftirmeye de g\u00f6n\u00fcll\u00fc olmam\u0131z gerekmez mi? O zaman ele\u015ftirimizin ne k\u0131ymeti var? Al bunu de\u011fi\u015ftir dedi\u011fin gencin \u00f6yle bir g\u00fcc\u00fc yok, senin var. Seninse yerin dar. E oynama da o zaman!<\/p>\n\n\n\n<p class=\"wp-block-paragraph\">Evet, her \u015fey ger\u00e7ekten \u00e7ok k\u00f6t\u00fc gidiyor: Ekonomi, akademi, sosyal hayat. Her \u015fey. Yae asl\u0131nda o kadar da k\u00f6t\u00fc de\u011fil demek i\u00e7in yazmad\u0131m bunu. Tek bir amac\u0131m var. Bu \u00fclkede bu atmosfere ra\u011fmen \u00e7ok g\u00fczel i\u015fler yapan insanlar\/gen\u00e7ler var, ama akademide, ama \u00f6\u011fretmenlikte, ama yaz\u0131l\u0131m i\u015finde. Biz onlara hi\u00e7 bakm\u0131yoruz. Varsa yoksa k\u00f6t\u00fcler. K\u00f6t\u00fcl\u00fckler. Onlar\u0131 \u00f6ne \u00e7\u0131kard\u0131k\u00e7a normalle\u015ftirdi\u011fimiz \u015feyler k\u00fcmesi gitgide b\u00fcy\u00fcyor. \u0130\u015fini iyi yapan insanlar g\u00f6r\u00fcnmez olduk\u00e7a bunun \u00f6n\u00fcne ge\u00e7mek m\u00fcmk\u00fcn de\u011fil. \u015eikayet etti\u011fimiz \u015feylerin iyile\u015fmesi i\u00e7in iyileri g\u00f6rmeniz laz\u0131m. G\u00f6rmek ne kelime, nefes al\u0131\u015f veri\u015flerini bile duymamak i\u00e7in kilometrelerce uzakta duruyorsan\u0131z da hi\u00e7bir \u015fey s\u00f6ylemeye hakk\u0131n\u0131z yok demektir. <\/p>\n\n\n\n<p class=\"wp-block-paragraph\">Gen\u00e7lere &#8220;T\u00fcrkiye&#8217;de her \u015fey \u00e7ok k\u00f6t\u00fc, siz en iyisi \u00fcberkulade yurtd\u0131\u015f\u0131na gidin&#8221; sat\u0131l\u0131yor. Sanki d\u00fcnya T\u00fcrkiye ve yurtd\u0131\u015f\u0131 diye iki konumdan olu\u015fuyor gibi. Yurtd\u0131\u015f\u0131nda her \u015fey \u015fahane. Yine bir anektod olacak belki ama inanc\u0131m\u0131 tazeleyen bir ger\u00e7ekten bahsedece\u011fim size. Doktora sonras\u0131 ara\u015ft\u0131rmam\u0131 yapt\u0131\u011f\u0131m \u00fclkede akademide durum bizimkine paralel, maa\u015flar daha d\u00fc\u015f\u00fck, dikey hiyerar\u015fi g\u00f6z korkutucu. Ancak benim doktora sonras\u0131 ara\u015ft\u0131rmam\u0131 s\u00fcrd\u00fcrd\u00fc\u011f\u00fcm grup bizim akademisyenlerin dilinden d\u00fc\u015f\u00fcrmedi\u011fi her \u015feyiyle muazzam &#8220;yurtd\u0131\u015f\u0131&#8221;. Bunu sa\u011flayan \u015fey ne biliyor musunuz? Bunu kendisi ve i\u015flerine inand\u0131\u011f\u0131 insanlara sa\u011flamak isteyen tek bir ki\u015fi. Balonlar yaratmak, o balonlarda hayalinizi ya\u015fatmak, balonu kimsenin patlatmas\u0131na izin vermemek \u00e7ok zor kabul ediyorum. Ancak imkans\u0131z de\u011fil. Yap\u0131lm\u0131\u015f\u0131n\u0131 g\u00f6rd\u00fcm. Yap\u0131labilece\u011fini g\u00f6rd\u00fcm. Bir s\u00fcredir tek bir hedefim var, bunu hayata ge\u00e7irebilmek. O balonlar kadar k\u0131ymetli \u00e7ok az \u015fey var.<\/p>\n\n\n\n<p class=\"wp-block-paragraph\">Biz bu konular\u0131 Didem I\u015f\u0131ksal&#8217;\u0131n Peki ne katt\u0131n? isimli podcastinde hayli k\u0131k\u0131r k\u0131k\u0131r g\u00fclmeler e\u015fli\u011finde konu\u015ftuk. Bu yaz\u0131ya bir kapan\u0131\u015f yapmayay\u0131m. Siz oradan devam edin. Ben de akl\u0131m\u0131n odalar\u0131 p\u0131r\u0131l p\u0131r\u0131l olmu\u015fken bekleyen i\u015flerime d\u00f6neyim. XOXO.<\/p>\n\n\n\n<figure class=\"wp-block-embed is-type-video is-provider-youtube wp-block-embed-youtube wp-embed-aspect-4-3 wp-has-aspect-ratio\"><div class=\"wp-block-embed__wrapper\">\n<iframe loading=\"lazy\" title=\"12. B\u00f6l\u00fcm - Do\u00e7. Dr. Zehra Ta\u015fk\u0131n (Bilim \u0130leti\u015fimi)\" width=\"500\" height=\"375\" src=\"https:\/\/www.youtube.com\/embed\/UxOGGQu2yxQ?feature=oembed\" frameborder=\"0\" allow=\"accelerometer; autoplay; clipboard-write; encrypted-media; gyroscope; picture-in-picture; web-share\" referrerpolicy=\"strict-origin-when-cross-origin\" allowfullscreen><\/iframe>\n<\/div><\/figure>\n","protected":false},"excerpt":{"rendered":"<p>Yaz d\u00f6nemine b\u0131rakt\u0131\u011f\u0131m bir d\u00fcnya g\u00fczel i\u015f var. Hepsinin ortak noktas\u0131 bir son tarihlerinin olmamas\u0131. Bu da beni bu i\u015fleri s\u00fcrekli olarak ertelemeye itiyor. \u0130ki&#8230;<\/p>\n<div class=\"more-link-wrapper\"><a class=\"more-link\" href=\"https:\/\/www.zehrataskin.com\/index.php\/2023\/07\/10\/bosver-abi-ya-okuyup-ne-olacaksinlar-ile-urfada-oxford-vardi-da-biz-mi-okumadiklar-arasinda\/\">Devam\u0131n\u0131 okuyun<span class=\"screen-reader-text\">&#8220;Bo\u015fver abi ya, okuyup ne olacaks\u0131n!&#8221;lar ile &#8220;Urfa&#8217;da Oxford vard\u0131 da biz mi okumad\u0131k&#8221;lar aras\u0131nda&#8230;<\/span><\/a><\/div>\n","protected":false},"author":1,"featured_media":0,"comment_status":"open","ping_status":"open","sticky":false,"template":"","format":"standard","meta":{"_jetpack_newsletter_access":"","_jetpack_dont_email_post_to_subs":false,"_jetpack_newsletter_tier_id":0,"_jetpack_memberships_contains_paywalled_content":false,"_jetpack_feature_clip_id":0,"_jetpack_memberships_contains_paid_content":false,"footnotes":"","jetpack_post_was_ever_published":false},"categories":[1],"tags":[],"class_list":["post-1386","post","type-post","status-publish","format-standard","hentry","category-genel","entry"],"jetpack_sharing_enabled":true,"jetpack_featured_media_url":"","_links":{"self":[{"href":"https:\/\/www.zehrataskin.com\/index.php\/wp-json\/wp\/v2\/posts\/1386","targetHints":{"allow":["GET"]}}],"collection":[{"href":"https:\/\/www.zehrataskin.com\/index.php\/wp-json\/wp\/v2\/posts"}],"about":[{"href":"https:\/\/www.zehrataskin.com\/index.php\/wp-json\/wp\/v2\/types\/post"}],"author":[{"embeddable":true,"href":"https:\/\/www.zehrataskin.com\/index.php\/wp-json\/wp\/v2\/users\/1"}],"replies":[{"embeddable":true,"href":"https:\/\/www.zehrataskin.com\/index.php\/wp-json\/wp\/v2\/comments?post=1386"}],"version-history":[{"count":2,"href":"https:\/\/www.zehrataskin.com\/index.php\/wp-json\/wp\/v2\/posts\/1386\/revisions"}],"predecessor-version":[{"id":1389,"href":"https:\/\/www.zehrataskin.com\/index.php\/wp-json\/wp\/v2\/posts\/1386\/revisions\/1389"}],"wp:attachment":[{"href":"https:\/\/www.zehrataskin.com\/index.php\/wp-json\/wp\/v2\/media?parent=1386"}],"wp:term":[{"taxonomy":"category","embeddable":true,"href":"https:\/\/www.zehrataskin.com\/index.php\/wp-json\/wp\/v2\/categories?post=1386"},{"taxonomy":"post_tag","embeddable":true,"href":"https:\/\/www.zehrataskin.com\/index.php\/wp-json\/wp\/v2\/tags?post=1386"}],"curies":[{"name":"wp","href":"https:\/\/api.w.org\/{rel}","templated":true}]}}