{"id":1562,"date":"2023-11-09T22:38:09","date_gmt":"2023-11-09T19:38:09","guid":{"rendered":"https:\/\/www.zehrataskin.com\/?p=1562"},"modified":"2023-11-09T22:44:28","modified_gmt":"2023-11-09T19:44:28","slug":"atif-dizinlerinin-yenilenen-yazar-profillerinin-dusundurdukleri-degerlendiricileri-degerlendirmek","status":"publish","type":"post","link":"https:\/\/www.zehrataskin.com\/index.php\/2023\/11\/09\/atif-dizinlerinin-yenilenen-yazar-profillerinin-dusundurdukleri-degerlendiricileri-degerlendirmek\/","title":{"rendered":"At\u0131f dizinlerinin yenilenen yazar profillerinin d\u00fc\u015f\u00fcnd\u00fcrd\u00fckleri: De\u011ferlendiricileri de\u011ferlendirmek"},"content":{"rendered":"\n<p class=\"wp-block-paragraph\">Elimde mendil iki seksen yat\u0131yorum bug\u00fcn. Yatarken at\u0131f dizinlerinin yazar profillerine ekledi\u011fi yeni \u00f6zellikleri ke\u015ffediyorum. Ke\u015ffettik\u00e7e gevrek gevrek g\u00fcl\u00fcyorum. Madem ben keyifle g\u00fcl\u00fcyorum, al\u0131n siz de g\u00fcl\u00fcn diye hem yeni \u00f6zellikleri anlatay\u0131m, hem de bu keyfin nereden kaynakland\u0131\u011f\u0131n\u0131 a\u00e7\u0131klayay\u0131m istiyorum. Haydi bakal\u0131m buyurun buradan:<\/p>\n\n\n\n<p class=\"wp-block-paragraph\"><strong>Web of Science yazar profilindeki yenilikler<\/strong><\/p>\n\n\n\n<p class=\"wp-block-paragraph\">Eskiden WoS&#8217;un yazar profilleri, yani ResearcherID&#8217;ler ba\u015fka bir platformda tutuluyordu. Sonra onun ad\u0131 Publons oldu ve yazarlar\u0131n a\u00e7\u0131lmas\u0131na izin verdi\u011fi hakem raporlar\u0131yla beraber tutuldu. Sonra Publons kapand\u0131 ve t\u00fcm profiller WoS&#8217;a aktar\u0131ld\u0131. Yani WoS&#8217;ta art\u0131k t\u00fcm ara\u015ft\u0131rmac\u0131lar\u0131n profilleri var. Bu profili siz de yaratabilirsiniz, otomatik de olu\u015fturulabilir. Halihaz\u0131rda bir profiliniz varken baz\u0131 yay\u0131nlar\u0131n\u0131z profilinizde listelenmiyorsa veya birden fazla profiliniz varsa WoS&#8217;a durumu yaz\u0131p birle\u015ftirme talep edebilirsiniz. Ne demek istiyorum, \u015funu demek istiyorum. <a href=\"https:\/\/www.webofscience.com\/\" target=\"_blank\" rel=\"noreferrer noopener\">https:\/\/www.webofscience.com\/<\/a> adresine girdiniz. Ad\u0131n\u0131z\u0131 kullanarak tarama yapt\u0131n\u0131z. \u015eekil 2&#8217;deki gibi tek profil \u00e7\u0131km\u0131yor, iki veya daha fazla giri\u015f geliyorsa sizin olanlar\u0131 se\u00e7ip &#8220;<em>merge researchers<\/em>&#8221; diyerek kay\u0131tlar\u0131 birle\u015ftirebilirsiniz. Ben birle\u015ftirme yapt\u0131\u011f\u0131mda <em>merge<\/em> \u00f6zelli\u011fi hen\u00fcz aktif de\u011fildi. O y\u00fczden <a href=\"mailto:wosg.support@clarivate.com\" target=\"_blank\" rel=\"noreferrer noopener\">wosg.support@clarivate.com<\/a> adresine e-posta atm\u0131\u015ft\u0131m. Ancak san\u0131r\u0131m art\u0131k aktif hale gelmi\u015ftir. Gelmediyse bir e-postaya her iki profile ait ID&#8217;leri yazarak tek hesapta birle\u015ftirilmesini talep edebilirsiniz. \u00d6rne\u011fin, benim e-postam\u0131n konusu \u015fuymu\u015f: &#8220;<em>Merge request for H-3025-2011 and GFU-9544-2022<\/em>&#8220;<\/p>\n\n\n<div class=\"wp-block-image\">\n<figure class=\"aligncenter size-large is-resized\"><img loading=\"lazy\" decoding=\"async\" width=\"1024\" height=\"404\" src=\"https:\/\/www.zehrataskin.com\/wp-content\/uploads\/2023\/11\/image-1024x404.png\" alt=\"\" class=\"wp-image-1565\" style=\"width:718px;height:auto\" srcset=\"https:\/\/www.zehrataskin.com\/wp-content\/uploads\/2023\/11\/image-1024x404.png 1024w, https:\/\/www.zehrataskin.com\/wp-content\/uploads\/2023\/11\/image-300x118.png 300w, https:\/\/www.zehrataskin.com\/wp-content\/uploads\/2023\/11\/image-768x303.png 768w, https:\/\/www.zehrataskin.com\/wp-content\/uploads\/2023\/11\/image.png 1282w\" sizes=\"auto, (max-width: 1024px) 100vw, 1024px\" \/><figcaption class=\"wp-element-caption\">\u015eekil 1. Yazar arama ekran\u0131<\/figcaption><\/figure>\n<\/div>\n\n<div class=\"wp-block-image\">\n<figure class=\"aligncenter size-large\"><img loading=\"lazy\" decoding=\"async\" width=\"1024\" height=\"445\" src=\"https:\/\/www.zehrataskin.com\/wp-content\/uploads\/2023\/11\/image-1-1024x445.png\" alt=\"\" class=\"wp-image-1566\" srcset=\"https:\/\/www.zehrataskin.com\/wp-content\/uploads\/2023\/11\/image-1-1024x445.png 1024w, https:\/\/www.zehrataskin.com\/wp-content\/uploads\/2023\/11\/image-1-300x130.png 300w, https:\/\/www.zehrataskin.com\/wp-content\/uploads\/2023\/11\/image-1-768x334.png 768w, https:\/\/www.zehrataskin.com\/wp-content\/uploads\/2023\/11\/image-1-1536x668.png 1536w, https:\/\/www.zehrataskin.com\/wp-content\/uploads\/2023\/11\/image-1.png 1888w\" sizes=\"auto, (max-width: 1024px) 100vw, 1024px\" \/><figcaption class=\"wp-element-caption\">\u015eekil 2. Profilin g\u00f6r\u00fcn\u00fcm\u00fc<\/figcaption><\/figure>\n<\/div>\n\n\n<p class=\"wp-block-paragraph\">\u015eimdi yeniliklere gelelim. Kenardaki men\u00fcden (bkz. \u015eekil 3) &#8220;<em>open metrics dashboard to view the beamplot<\/em>&#8221; linkini t\u0131klarsan\u0131z yeni \u00f6zellikleri g\u00f6rebilirsiniz. Bu \u00f6zellikler yay\u0131nlar\u0131n\u0131z\u0131n alan\u0131n\u0131z\u0131n ortalamas\u0131na g\u00f6re yeri, bir d\u00fcnya haritas\u0131 \u00fczerinde at\u0131flar\u0131n\u0131z\u0131n geldi\u011fi \u00fclkeler ve yazar pozisyonunuzla ilgili bilgileri i\u00e7eriyor. Uzun y\u0131llard\u0131r CBS dersini veren biri olarak harita \u00fcst\u00fc g\u00f6rselle\u015ftirmesine bay\u0131ld\u0131m (bkz. \u015eekil 4). WoS&#8217;taki profile ili\u015fkin de\u011fi\u015fiklikler aras\u0131nda en sevdi\u011fim \u00f6zellik bu oldu. <\/p>\n\n\n<div class=\"wp-block-image\">\n<figure class=\"aligncenter size-full\"><img loading=\"lazy\" decoding=\"async\" width=\"457\" height=\"466\" src=\"https:\/\/www.zehrataskin.com\/wp-content\/uploads\/2023\/11\/image-4.png\" alt=\"\" class=\"wp-image-1571\" srcset=\"https:\/\/www.zehrataskin.com\/wp-content\/uploads\/2023\/11\/image-4.png 457w, https:\/\/www.zehrataskin.com\/wp-content\/uploads\/2023\/11\/image-4-294x300.png 294w\" sizes=\"auto, (max-width: 457px) 100vw, 457px\" \/><figcaption class=\"wp-element-caption\">\u015eekil 3. Yeni \u00f6zelliklerin yer ald\u0131\u011f\u0131 men\u00fc<\/figcaption><\/figure>\n<\/div>\n\n<div class=\"wp-block-image\">\n<figure class=\"aligncenter size-large\"><img loading=\"lazy\" decoding=\"async\" width=\"1024\" height=\"618\" src=\"https:\/\/www.zehrataskin.com\/wp-content\/uploads\/2023\/11\/image-5-1024x618.png\" alt=\"\" class=\"wp-image-1572\" srcset=\"https:\/\/www.zehrataskin.com\/wp-content\/uploads\/2023\/11\/image-5-1024x618.png 1024w, https:\/\/www.zehrataskin.com\/wp-content\/uploads\/2023\/11\/image-5-300x181.png 300w, https:\/\/www.zehrataskin.com\/wp-content\/uploads\/2023\/11\/image-5-768x464.png 768w, https:\/\/www.zehrataskin.com\/wp-content\/uploads\/2023\/11\/image-5.png 1045w\" sizes=\"auto, (max-width: 1024px) 100vw, 1024px\" \/><figcaption class=\"wp-element-caption\">\u015eekil 4. Gelen at\u0131flar\u0131n harita \u00fczerinde g\u00f6sterimi<\/figcaption><\/figure>\n<\/div>\n\n\n<p class=\"wp-block-paragraph\"><strong>Scopus yazar profilindeki yenilikler<\/strong><\/p>\n\n\n\n<p class=\"wp-block-paragraph\">Ayn\u0131 WoS gibi Scopus&#8217;ta da uzun y\u0131llard\u0131r yazar profili var. Her iki \u015firketin de yay\u0131n\/at\u0131f dizinleme hizmetlerine ek olarak satt\u0131\u011f\u0131 analiz ara\u00e7lar\u0131 oldu\u011fundan (InCites ve SciVal) bu analizlerden bir k\u0131sm\u0131 insanlar al\u0131\u015ft\u0131ktan sonra oralara kayd\u0131r\u0131labilir belki :=) Bilemiyorum. Bekleyip g\u00f6rece\u011fiz onu. Profilinize ula\u015fmak i\u00e7in yazar k\u0131sm\u0131ndan arama yap\u0131p \u00e7\u0131kan sonu\u00e7lardan isminize t\u0131klaman\u0131z gerekiyor. <\/p>\n\n\n<div class=\"wp-block-image\">\n<figure class=\"aligncenter size-large is-resized\"><img loading=\"lazy\" decoding=\"async\" width=\"1024\" height=\"337\" src=\"https:\/\/www.zehrataskin.com\/wp-content\/uploads\/2023\/11\/image-6-1024x337.png\" alt=\"\" class=\"wp-image-1573\" style=\"width:718px;height:auto\" srcset=\"https:\/\/www.zehrataskin.com\/wp-content\/uploads\/2023\/11\/image-6-1024x337.png 1024w, https:\/\/www.zehrataskin.com\/wp-content\/uploads\/2023\/11\/image-6-300x99.png 300w, https:\/\/www.zehrataskin.com\/wp-content\/uploads\/2023\/11\/image-6-768x253.png 768w, https:\/\/www.zehrataskin.com\/wp-content\/uploads\/2023\/11\/image-6-1536x505.png 1536w, https:\/\/www.zehrataskin.com\/wp-content\/uploads\/2023\/11\/image-6.png 1861w\" sizes=\"auto, (max-width: 1024px) 100vw, 1024px\" \/><figcaption class=\"wp-element-caption\">\u015eekil 5. Scopus yazar taramas\u0131 ekran\u0131<\/figcaption><\/figure>\n<\/div>\n\n<div class=\"wp-block-image\">\n<figure class=\"aligncenter size-full is-resized\"><img loading=\"lazy\" decoding=\"async\" width=\"951\" height=\"265\" src=\"https:\/\/www.zehrataskin.com\/wp-content\/uploads\/2023\/11\/image-8.png\" alt=\"\" class=\"wp-image-1576\" style=\"width:718px;height:auto\" srcset=\"https:\/\/www.zehrataskin.com\/wp-content\/uploads\/2023\/11\/image-8.png 951w, https:\/\/www.zehrataskin.com\/wp-content\/uploads\/2023\/11\/image-8-300x84.png 300w, https:\/\/www.zehrataskin.com\/wp-content\/uploads\/2023\/11\/image-8-768x214.png 768w\" sizes=\"auto, (max-width: 951px) 100vw, 951px\" \/><figcaption class=\"wp-element-caption\">\u015eekil 6. Sonu\u00e7 ekran\u0131nda isminize t\u0131klaman\u0131z gerek. <em>Documents <\/em>alt\u0131ndaki say\u0131ya t\u0131klarsan\u0131z profildeki yenilikleri g\u00f6rmez, yay\u0131nlar\u0131n\u0131z\u0131n listesini g\u00f6r\u00fcrs\u00fcn\u00fcz. <\/figcaption><\/figure>\n<\/div>\n\n\n<p class=\"wp-block-paragraph\">Scopus&#8217;taki yenilikler biraz daha detayl\u0131 hesaplamalara dayan\u0131yor. \u00d6rne\u011fin, ka\u00e7 ortak yazarl\u0131 \u00e7al\u0131\u015fman\u0131z var, ka\u00e7\u0131 tek yazarl\u0131, ka\u00e7\u0131nda ba\u015f yazars\u0131n\u0131z, bunlar\u0131n her birinin at\u0131f etkisi ne vs. Ayr\u0131ca <em>view all metrics<\/em> dedi\u011finizde yay\u0131n yapt\u0131\u011f\u0131n\u0131z dergilere ili\u015fkin say\u0131sal istatistikleri de veriyor. <\/p>\n\n\n<div class=\"wp-block-image\">\n<figure class=\"aligncenter size-full is-resized\"><img loading=\"lazy\" decoding=\"async\" width=\"617\" height=\"675\" src=\"https:\/\/www.zehrataskin.com\/wp-content\/uploads\/2023\/11\/image-9.png\" alt=\"\" class=\"wp-image-1577\" style=\"width:365px;height:auto\" srcset=\"https:\/\/www.zehrataskin.com\/wp-content\/uploads\/2023\/11\/image-9.png 617w, https:\/\/www.zehrataskin.com\/wp-content\/uploads\/2023\/11\/image-9-274x300.png 274w\" sizes=\"auto, (max-width: 617px) 100vw, 617px\" \/><figcaption class=\"wp-element-caption\">\u015eekil 7. Scopus&#8217;taki yeniliklerin sunuldu\u011fu men\u00fc<\/figcaption><\/figure>\n<\/div>\n\n\n<p class=\"wp-block-paragraph\">Buraya kadar olan k\u0131s\u0131m blo\u011fumun bilgilendirici taraf\u0131yd\u0131. Beni bir s\u00fcredir takip eden herkes bu say\u0131lar\u0131n do\u011frudan hi\u00e7bir \u015fey ifade etmedi\u011fini d\u00fc\u015f\u00fcnd\u00fc\u011f\u00fcm\u00fc bilir. Ara\u015ft\u0131rma de\u011ferlendirmesinde ipucu olarak ya da yay\u0131nlar\u0131m\u0131n etkisinin de\u011ferlendirilmesinde kullan\u0131labilir. Onu zaten s\u0131k s\u0131k dile getiriyorum. Bu ak\u015fam beni keyiflendiren \u015fey bu istatistiklerin kullan\u0131labilece\u011fi bir uygulaman\u0131n akl\u0131ma gelmi\u015f olmas\u0131. <\/p>\n\n\n\n<p class=\"wp-block-paragraph\"><strong>De\u011ferlendiricileri de\u011ferlendirelim mi cimcime :=)<\/strong><\/p>\n\n\n\n<p class=\"wp-block-paragraph\">Akademik kariyerimde \u015fu an do\u00e7ent kadrosunda do\u00e7ent unvan\u0131yla \u00e7al\u0131\u015fan bir akademisyenim. Bu noktaya gelene kadar \u00e7ok say\u0131da (a\u015fama say\u0131s\u0131ndan \u00e7ok) dosya de\u011ferlendirmesine girdim, s\u00f6zl\u00fc s\u0131navdan ge\u00e7tim. Resmi ya da gayri resmi ortamlarda hakk\u0131mda yap\u0131lm\u0131\u015f de\u011ferlendirmeleri dinledim, okudum, ba\u015fkalar\u0131ndan duydum. Bunlardan en yayg\u0131n\u0131 \u015fuydu: &#8220;asl\u0131nda yetenekli k\u0131z* da tek ba\u015f\u0131na \u00e7al\u0131\u015fam\u0131yor. B\u00fcy\u00fck s\u0131k\u0131nt\u0131&#8221; :=) <\/p>\n\n\n\n<p class=\"wp-block-paragraph\">*Bu arada mini ara not olsun \u015fu: Tabi ki k\u0131z\/cimcime\/g\u00fczelim\/Zera\u011fc\u0131\u011f\u0131m. \u00c7\u00fcnk\u00fc besin zincirinde y\u00fckselseniz de hitabetin de\u011fi\u015fmesi i\u00e7in uzun y\u0131llar belli bir duru\u015f sergilemeniz, size b\u00f6yle hitap edenlerin a\u011fz\u0131na bu t\u00fcr hitaplar\u0131n\u0131 sokman\u0131z gerekiyor. \u0130\u015fte o y\u00fczden Gibi dizisinin en \u00e7ok be\u011fenilen b\u00f6l\u00fcm\u00fc i\u00e7inde <a href=\"https:\/\/www.youtube.com\/watch?v=LQ1zBX4C8w0\" target=\"_blank\" rel=\"noreferrer noopener\">\u015fu sahnenin<\/a> oldu\u011fu b\u00f6l\u00fcm\u00fcyken benim en nefret etti\u011fim b\u00f6l\u00fcm\u00fc o. \u00c7\u00fcnk\u00fc \u00e7ok ger\u00e7ek. Neyse konuya d\u00f6n\u00fcyorum. <\/p>\n\n\n\n<p class=\"wp-block-paragraph\">Bu ak\u015fam bana bunu yazanlar\u0131n\/s\u00f6yleyenlerin profilleriyle kendi profilimi ortak yazarl\u0131k, makale ba\u015f yazar\u0131 olma ve tek yazarl\u0131k durumu a\u00e7\u0131s\u0131ndan kar\u015f\u0131la\u015ft\u0131rd\u0131m. Hepsinin aras\u0131nda en \u00e7ok tek yazarl\u0131 yay\u0131n\u0131 olan benim. En \u00e7ok ilk yazar olan da benim. \u0130lk yazar oldu\u011fum makaleleri ger\u00e7ekten ben yazd\u0131m. Neredeyse her makalemde CREDIT yazar katk\u0131s\u0131 b\u00f6l\u00fcm\u00fc var ve inan\u0131r m\u0131s\u0131n\u0131z hi\u00e7birinde &#8220;t\u00fcm yazarlar e\u015fit katk\u0131 vermi\u015ftir&#8221; yazm\u0131yor. Buna ra\u011fmen her hakem raporumun ilk maddesi otomatik olarak bu. <\/p>\n\n\n\n<p class=\"wp-block-paragraph\">T\u00fcrkiye&#8217;de akademik ortamlarda genelde akademik i\u015fler konu\u015fulmuyor ama konu\u015fuldu\u011funda bana verilen ilk tavsiye bu. Ne kadar yetenekli oldu\u011fumdan ama art\u0131k alana tek yazarl\u0131 olarak katk\u0131 vermem gerekti\u011finden bahsediyorlar. Ki ben buna da kat\u0131lm\u0131yorum. \u0130\u015fbirli\u011fi \u00f6nemli bir konu. Tek ba\u015f\u0131n\u0131za yapamayaca\u011f\u0131n\u0131z ara\u015ft\u0131rmay\u0131 iyi bir ekiple \u015fahane \u015fekilde yapabilirsiniz. Yap\u0131yorum da. Tek ba\u015f\u0131ma da yap\u0131yorum, birlikte de. Bana bunu diyenlerse s\u0131kl\u0131kla yapm\u0131yor. Ama bu durum onlar\u0131n bunu demesine engel olmuyor. Peki buna ne engel olur? Hakem raporlar\u0131nda a\u00e7\u0131kl\u0131k ve \u015feffafl\u0131k olur. Olmal\u0131.  <\/p>\n\n\n\n<p class=\"wp-block-paragraph\"><strong>A\u00e7\u0131k ve \u015feffaf ara\u015ft\u0131rma de\u011ferlendirmesi<\/strong><\/p>\n\n\n\n<p class=\"wp-block-paragraph\">Son y\u0131llarda en b\u00fcy\u00fck arzum \u00f6zellikle do\u00e7entlik dosya de\u011ferlendirme raporlar\u0131n\u0131n herkese a\u00e7\u0131lmas\u0131 (duy beni \u00dcAK). Akl\u0131mda bu raporlar \u00fczerinde uygulanabilecek \u00e7ok \u00e7e\u015fitli s\u00f6ylem analizleri var. \u00c7\u00fcnk\u00fc \u00e7ok acayip raporlar g\u00f6rd\u00fcm ve g\u00f6rmeye devam ediyorum. \u00c7o\u011funda akl\u0131m ba\u015f\u0131mdan gidiyor. Kimsenin g\u00f6rmedi\u011fi raporlarda, kendinin ta\u015f\u0131mad\u0131\u011f\u0131 kalite kriterleri \u00fczerinden a\u011f\u0131r dille yaz\u0131lm\u0131\u015f raporlar\u0131 engellemenin yolu a\u00e7\u0131k de\u011ferlendirmeden ge\u00e7iyor. \u00c7ok zor biliyorum ama bu uygulamaya ge\u00e7ebilsek pek \u00e7ok problemli uygulaman\u0131n \u00f6n\u00fcne ge\u00e7ebiliriz gibi geliyor bana. <\/p>\n\n\n\n<p class=\"wp-block-paragraph\">Neyse demem o ki var m\u0131s\u0131n\u0131z cimcimeler hakem raporlar\u0131n\u0131 a\u00e7al\u0131m :=) Bak\u0131n akademik kibarl\u0131k nas\u0131l yayg\u0131nla\u015facak o zaman. <\/p>\n","protected":false},"excerpt":{"rendered":"<p>Elimde mendil iki seksen yat\u0131yorum bug\u00fcn. Yatarken at\u0131f dizinlerinin yazar profillerine ekledi\u011fi yeni \u00f6zellikleri ke\u015ffediyorum. Ke\u015ffettik\u00e7e gevrek gevrek g\u00fcl\u00fcyorum. Madem ben keyifle g\u00fcl\u00fcyorum, al\u0131n siz&#8230;<\/p>\n<div class=\"more-link-wrapper\"><a class=\"more-link\" href=\"https:\/\/www.zehrataskin.com\/index.php\/2023\/11\/09\/atif-dizinlerinin-yenilenen-yazar-profillerinin-dusundurdukleri-degerlendiricileri-degerlendirmek\/\">Devam\u0131n\u0131 okuyun<span class=\"screen-reader-text\">At\u0131f dizinlerinin yenilenen yazar profillerinin d\u00fc\u015f\u00fcnd\u00fcrd\u00fckleri: De\u011ferlendiricileri de\u011ferlendirmek<\/span><\/a><\/div>\n","protected":false},"author":1,"featured_media":0,"comment_status":"open","ping_status":"open","sticky":false,"template":"","format":"standard","meta":{"_jetpack_newsletter_access":"","_jetpack_dont_email_post_to_subs":false,"_jetpack_newsletter_tier_id":0,"_jetpack_memberships_contains_paywalled_content":false,"_jetpack_feature_clip_id":0,"_jetpack_memberships_contains_paid_content":false,"footnotes":"","jetpack_post_was_ever_published":false},"categories":[1],"tags":[],"class_list":["post-1562","post","type-post","status-publish","format-standard","hentry","category-genel","entry"],"jetpack_sharing_enabled":true,"jetpack_featured_media_url":"","_links":{"self":[{"href":"https:\/\/www.zehrataskin.com\/index.php\/wp-json\/wp\/v2\/posts\/1562","targetHints":{"allow":["GET"]}}],"collection":[{"href":"https:\/\/www.zehrataskin.com\/index.php\/wp-json\/wp\/v2\/posts"}],"about":[{"href":"https:\/\/www.zehrataskin.com\/index.php\/wp-json\/wp\/v2\/types\/post"}],"author":[{"embeddable":true,"href":"https:\/\/www.zehrataskin.com\/index.php\/wp-json\/wp\/v2\/users\/1"}],"replies":[{"embeddable":true,"href":"https:\/\/www.zehrataskin.com\/index.php\/wp-json\/wp\/v2\/comments?post=1562"}],"version-history":[{"count":11,"href":"https:\/\/www.zehrataskin.com\/index.php\/wp-json\/wp\/v2\/posts\/1562\/revisions"}],"predecessor-version":[{"id":1585,"href":"https:\/\/www.zehrataskin.com\/index.php\/wp-json\/wp\/v2\/posts\/1562\/revisions\/1585"}],"wp:attachment":[{"href":"https:\/\/www.zehrataskin.com\/index.php\/wp-json\/wp\/v2\/media?parent=1562"}],"wp:term":[{"taxonomy":"category","embeddable":true,"href":"https:\/\/www.zehrataskin.com\/index.php\/wp-json\/wp\/v2\/categories?post=1562"},{"taxonomy":"post_tag","embeddable":true,"href":"https:\/\/www.zehrataskin.com\/index.php\/wp-json\/wp\/v2\/tags?post=1562"}],"curies":[{"name":"wp","href":"https:\/\/api.w.org\/{rel}","templated":true}]}}