{"id":1587,"date":"2023-11-16T23:35:29","date_gmt":"2023-11-16T20:35:29","guid":{"rendered":"https:\/\/www.zehrataskin.com\/?p=1587"},"modified":"2023-11-16T23:35:31","modified_gmt":"2023-11-16T20:35:31","slug":"odagi-sasmis-toptanci-elestiricilik","status":"publish","type":"post","link":"https:\/\/www.zehrataskin.com\/index.php\/2023\/11\/16\/odagi-sasmis-toptanci-elestiricilik\/","title":{"rendered":"Oda\u011f\u0131 \u015fa\u015fm\u0131\u015f toptanc\u0131 &#8216;ele\u015ftiricilik&#8217;"},"content":{"rendered":"\n<p class=\"wp-block-paragraph\">Ge\u00e7en y\u0131l yanl\u0131\u015f anla\u015f\u0131lm\u0131\u015f ele\u015ftiri k\u00fclt\u00fcr\u00fc hakk\u0131nda bir blog yazm\u0131\u015ft\u0131m: <a href=\"https:\/\/www.zehrataskin.com\/index.php\/2023\/01\/18\/akademide-icsellestirilmis-kabuller-ve-yanlis-anlasilmis-elestiri-kulturu-uzerine\/\">https:\/\/www.zehrataskin.com\/index.php\/2023\/01\/18\/akademide-icsellestirilmis-kabuller-ve-yanlis-anlasilmis-elestiri-kulturu-uzerine\/<\/a> S\u0131k s\u0131k da bu k\u00fclt\u00fcr \u00fczerine k\u00f6y\u00fcn delisi olarak s\u00f6ylenip duruyorum. \u00c7\u00fcnk\u00fc sosyal medyan\u0131n da etkisiyle san\u0131r\u0131m, k\u00f6t\u00fc pratikleri genelleyip g\u00f6mmenin i-na-n\u0131l-maz bir reytingi var ve bu reyting rahats\u0131z edici boyutlara ula\u015ft\u0131. Her seferinde biraz daha toptanc\u0131, her seferinde biraz daha sert vuruyorlar. Etkile\u015fim \u00e7ok tehlikeli bir abimiz. Etkile\u015fimin tad\u0131n\u0131 alan ki\u015fi kar\u015f\u0131t sesin ne anlatmaya \u00e7al\u0131\u015ft\u0131\u011f\u0131na bakmaks\u0131z\u0131n vurmaya devam ediyor. &#8220;Vurma art\u0131k abimiz, vurdu\u011funla birlikte alakal\u0131 alakas\u0131z herkes \u00f6ld\u00fc&#8221; diyenler var. Yine vuruyorlar. \u00c7\u00fcnk\u00fc her vuru\u015funu alk\u0131\u015flayanlar da var. \u00c7\u00fcnk\u00fc insan\u0131m\u0131z vah\u015fet seviyor. Kan seviyor. G\u00f6zya\u015f\u0131 seviyor. O alk\u0131\u015flar\u0131n b\u00fcy\u00fcs\u00fcne o kadar kap\u0131l\u0131yorlar ki o vuru\u015flar\u0131n muhtemel sonu\u00e7lar\u0131n\u0131 anlayam\u0131yor bile. Sonras\u0131ndaysa yapt\u0131\u011f\u0131n\u0131n yanl\u0131\u015f oldu\u011funu duymak istemeyen bir \u00e7ocuk gibi elleriyle kula\u011f\u0131n\u0131 kapatarak \u015fark\u0131 s\u00f6yleyip, duymuyormu\u015f gibi yap\u0131yorlar. Art\u0131k bir yeti\u015fkin olduklar\u0131n\u0131 unutuyorlar. <\/p>\n\n\n\n<p class=\"wp-block-paragraph\"><strong><em>Ofansif mizah maskesiyle gizlenmi\u015f a\u015f\u0131r\u0131 komik &#8220;ele\u015ftiri&#8221; k\u00fclt\u00fcr\u00fc<\/em><\/strong><\/p>\n\n\n\n<p class=\"wp-block-paragraph\">Normalde akademikli twitter hesaplar\u0131na a\u00e7t\u0131\u011f\u0131m sava\u015fta y\u0131llar \u00f6nce ate\u015fkes ilan etmi\u015ftim. \u00c7\u00fcnk\u00fc en toksik olan\u0131 k\u00fcf\u00fcr k\u0131yamet yok olmu\u015ftu <a href=\"https:\/\/www.zehrataskin.com\/index.php\/2020\/05\/27\/akademik-ifsa-uzerine\/\" target=\"_blank\" rel=\"noreferrer noopener\">piyasadan<\/a>. Kalanlar da suya sabuna dokunmayan payla\u015f\u0131mlarla ekme\u011finin\/etkile\u015fiminin derdine d\u00fc\u015fm\u00fc\u015ft\u00fc. \u0130f\u015fa fiyaskolar\u0131ndan sonra do\u011frudan bir kurumu ya da ki\u015fiyi ele\u015ftirdi\u011fini hi\u00e7 g\u00f6rmedi\u011fim hesaplar -ki yapmak zorunda da de\u011filler elbette- akademisyenlerin \u00e7e\u015fitli konulardaki sessizli\u011fini ele\u015ftiren tweetler at\u0131yor, sonra hi\u00e7bir konuya ses \u00e7\u0131karmayan di\u011fer akademisyenler bu tweetleri be\u011fenerek veya retweet yaparak ses \u00e7\u0131karm\u0131\u015f oluyorlard\u0131. Yani bu hesaplar sayesinde baz\u0131 akademisyenlerin kendilerini \u00f6zel\/sava\u015f\u00e7\u0131\/ba\u015far\u0131l\u0131, kendinden gayr\u0131s\u0131n\u0131 rezalet olarak resmetti\u011fi alternatif bir akademi yarat\u0131ld\u0131. S\u00f6ylenmesi istenenleri s\u00f6yleyen bu hesaplar sayesinde kimse akademik kurullarda ses \u00e7\u0131karmak zorunda kalm\u0131yor, k\u00f6t\u00fcye gidi\u015fe ili\u015fkin somut bir giri\u015fim gerekmiyordu. RT yapm\u0131\u015ft\u0131 i\u015fte, sorunun fark\u0131ndayd\u0131. Bu sorunlar bunca k\u00f6t\u00fc akademisyenle \u00e7\u00f6z\u00fclemezdi. Gelmesinlerdi gen\u00e7ler. Ka\u00e7\u0131p kendilerini kurtars\u0131nlard\u0131. \u00c7\u00fcnk\u00fc bu \u00fclke \u00e7al\u0131\u015fkanlar i\u00e7in bir cehennemdi. Onlar\u0131nsa kurulu d\u00fczeni vard\u0131 yi\u011fenim, yoksa be\u015f dakika durmazlard\u0131. End\u00fcstri kuca\u011f\u0131n\u0131 a\u00e7m\u0131\u015f onlar\u0131 bekliyordu \u00e7\u00fcnk\u00fc. En katma de\u011ferli \u00fcretim onlardayd\u0131. Her \u015feyin en iyisini onlar biliyor, di\u011ferleri kap\u0131lar\u0131 a\u00e7\u0131k ya da kapal\u0131 \u015fekilde b\u00fct\u00fcn g\u00fcn dizi izliyorlard\u0131 :=)<\/p>\n\n\n\n<p class=\"wp-block-paragraph\">Konuyu gereksiz uzayan twitter tart\u0131\u015fmas\u0131na \u00e7ekmeyece\u011fim. \u00c7\u00fcnk\u00fc o konudan da, d\u00f6rt nala lin\u00e7 etmeye gelen az takip\u00e7ili &#8220;s\u00f6yle bakal\u0131m asumaa\u011fnn&#8221; incellerinden de ger\u00e7ekten s\u0131k\u0131ld\u0131m. Sadece minik bir \u00f6zet ge\u00e7eyim ki 145 y\u0131l sonra bu gad\u0131n bu blog yaz\u0131s\u0131n\u0131 neden yazm\u0131\u015f demesinler. Bir adet \u00e7ok takip\u00e7ili akademik twitter hesab\u0131 a\u00e7\u0131k olma \u015fekline g\u00f6re d\u00f6rt kap\u0131 payla\u015ft\u0131. Meme&#8217;in orijinali a\u015fa\u011f\u0131da. Deforme edilerek payla\u015f\u0131lan g\u00f6rselde ise bizdeki t\u00fcm akademisyenler ama sabah program\u0131 izliyor, ama dizi tart\u0131\u015f\u0131yordu. Bu kadar basit bir meme veya onlar\u0131n tabiriyle &#8216;ofansif mizah&#8217; neden bu kadar mesele oldu anlatay\u0131m. Neden gocunduk ki acaba bu kadar, yoksa ger\u00e7ekten &#8216;asuman&#8217; m\u0131y\u0131z hepimiz? Yoksa ba\u015fka bir derdimiz mi var?<\/p>\n\n\n<div class=\"wp-block-image\">\n<figure class=\"aligncenter size-full\"><img loading=\"lazy\" decoding=\"async\" width=\"736\" height=\"428\" src=\"https:\/\/www.zehrataskin.com\/wp-content\/uploads\/2023\/11\/image-13.png\" alt=\"\" class=\"wp-image-1599\" srcset=\"https:\/\/www.zehrataskin.com\/wp-content\/uploads\/2023\/11\/image-13.png 736w, https:\/\/www.zehrataskin.com\/wp-content\/uploads\/2023\/11\/image-13-300x174.png 300w\" sizes=\"auto, (max-width: 736px) 100vw, 736px\" \/><figcaption class=\"wp-element-caption\">\u0130nfial yaratan g\u00f6rselin orijinali<\/figcaption><\/figure>\n<\/div>\n\n\n<p class=\"wp-block-paragraph\">Orijinal g\u00f6rselde temsil edilen akademisyenin itibar\u0131 var. Konferans, proje veya sabbatical i\u00e7in yurtd\u0131\u015f\u0131nda olabilir, toplant\u0131da olabilir, olmayabilir de. Hepsi akademisyenlerin ger\u00e7ekten yapt\u0131\u011f\u0131 i\u015fler. Bu bir ele\u015ftiri. Kendimi iyi bir akademisyen olarak adland\u0131r\u0131yor olsam ve bu meme&#8217;i akademiyi ele\u015ftirmek i\u00e7in T\u00fcrk\u00e7ele\u015ftiriyor olsam \u00f6yle kolay kolay hi\u00e7bir akademisyenimizin konferans veya ara\u015ft\u0131rma i\u00e7in kap\u0131s\u0131n\u0131 kilitleyip gidemedi\u011fini ima ederek yapard\u0131m ben. \u00c7\u00fcnk\u00fc gidemiyoruz. \u00dclke kaynaklar\u0131ndan tek kuru\u015f almadan yapt\u0131\u011f\u0131m\u0131z projeleri tamamlamak i\u00e7in bile istifa etmek zorunda kal\u0131yoruz bazen. \u0130nan\u0131r m\u0131s\u0131n\u0131z ya\u015fan\u0131yor bunlar. Baz\u0131lar\u0131m\u0131z meme \u00e7eviriyor, baz\u0131lar\u0131m\u0131z ula\u015fabildi\u011fi her mecraya bilgi notu yaz\u0131yor sorunlar\u0131 gidermek i\u00e7in. \u00c7\u00fcnk\u00fc akademik ele\u015ftiriyle yaftalama farkl\u0131 \u015feyler. Biri &#8216;ben k\u0131ymetlimis hari\u00e7 kalan herkes komple \u00f6ls\u00fcn&#8217; diyor, di\u011feri kendisinin ya\u015fad\u0131\u011f\u0131n\u0131 ya\u015famas\u0131n diye \u00e7al\u0131\u015fana alan a\u00e7maya \u00e7al\u0131\u015f\u0131yor. <\/p>\n\n\n\n<p class=\"wp-block-paragraph\">\u0130tibarla ne demek istiyorum a\u00e7\u0131klayay\u0131m. Ben a\u00e7\u0131klamayay\u0131m hatta, Fatih Hoca a\u00e7\u0131klas\u0131n. <\/p>\n\n\n<div class=\"wp-block-image\">\n<figure class=\"aligncenter size-full is-resized\"><img loading=\"lazy\" decoding=\"async\" width=\"777\" height=\"163\" src=\"https:\/\/www.zehrataskin.com\/wp-content\/uploads\/2023\/11\/image-12.png\" alt=\"\" class=\"wp-image-1598\" style=\"width:718px;height:auto\" srcset=\"https:\/\/www.zehrataskin.com\/wp-content\/uploads\/2023\/11\/image-12.png 777w, https:\/\/www.zehrataskin.com\/wp-content\/uploads\/2023\/11\/image-12-300x63.png 300w, https:\/\/www.zehrataskin.com\/wp-content\/uploads\/2023\/11\/image-12-768x161.png 768w\" sizes=\"auto, (max-width: 777px) 100vw, 777px\" \/><figcaption class=\"wp-element-caption\"><a href=\"https:\/\/twitter.com\/fatihbaritci\/status\/1723708638458495000\" target=\"_blank\" rel=\"noreferrer noopener\">https:\/\/twitter.com\/fatihbaritci\/status\/1723708638458495000 <\/a><\/figcaption><\/figure>\n<\/div>\n\n\n<p class=\"wp-block-paragraph\">Fatih Hoca&#8217;n\u0131n tweetini g\u00f6r\u00fcnce biraz duralad\u0131m. O kadar do\u011fru ki yazd\u0131\u011f\u0131 \u015fey. Daha \u00f6nce blog yaz\u0131lar\u0131m\u0131 okuduysan\u0131z bireysel olarak itibar\u0131n ya\u015fla veya unvanla elde edilmeyen, hak edilmesi gereken bir \u015fey oldu\u011funa inand\u0131\u011f\u0131m\u0131 zaten biliyorsunuz. Ancak bir meslek grubunun itibar\u0131 sadece tek bir akademisyen tipi varm\u0131\u015f\u00e7as\u0131na karikat\u00fcrize ofansif mizahla s\u00fcslendi\u011finde g\u00fclm\u00fcyor, aksine endi\u015fe ediyorum. T\u0131pk\u0131 Fatih Hoca&#8217;n\u0131n yazd\u0131\u011f\u0131 gibi. \u00c7\u00fcnk\u00fc bu gibi toptanc\u0131 ve bol etkile\u015fimli tweetler, takip\u00e7ilerinin \u00e7o\u011funu \u00f6\u011frencilerin olu\u015fturdu\u011fu bu hesaplar\u0131n hi\u00e7 tahmin etmedi\u011fi noktalara gidebilir. \u00d6\u011frenciye yans\u0131yan &#8220;hoca&#8221; profilini belirler. <\/p>\n\n\n\n<p class=\"wp-block-paragraph\">Bundan 10 y\u0131l \u00f6nce, daha hen\u00fcz ad\u0131m\u0131n \u00f6n\u00fcnde bir \u015fey yazmazken, bir s\u0131nav g\u00f6zetmenli\u011fi esnas\u0131nda kopya \u00e7ekerken yakalad\u0131\u011f\u0131m bir \u00f6\u011frenci s\u0131n\u0131f\u0131n ortas\u0131nda \u00fcst\u00fcme y\u00fcr\u00fcm\u00fc\u015ft\u00fc benim. \u0130leri gitmemi\u015fti neyse ki. \u00c7ankaya \u00dcniversitesindeki biri ileri gitti sonra, \u00e7ekti b\u0131\u00e7a\u011f\u0131 \u00f6ld\u00fcrd\u00fc Ceren&#8217;i. Ad\u0131n\u0131n \u00f6n\u00fcnde bir \u015fey yazmayan, besin zincirinin hen\u00fcz taban\u0131ndaki kad\u0131n hocas\u0131n\u0131. \u00c7\u00fcnk\u00fc g\u00fcc\u00fc \u00fc\u00e7 kuru\u015fa \u00e7al\u0131\u015ft\u0131r\u0131lan hocas\u0131na yetti. T\u0131pk\u0131 bu hesaplar\u0131n g\u00fcc\u00fcn\u00fcn \u00fc\u00e7 kuru\u015fa \u00e7al\u0131\u015fan akademisyenlere yetmesi gibi. Bu yazd\u0131\u011f\u0131ma ister ad-hominem diyin, ister whataboutism. Bu t\u00fcr toptanc\u0131 yaftalamalar okumu\u015f insana d\u00fc\u015fman toplumda ters tepiyor. Doktorlar para i\u00e7in \u00e7al\u0131\u015f\u0131yor, \u00f6\u011fretmenler yazlar\u0131 \u00fc\u00e7 ay yat\u0131yor, akademisyenler dizi izliyor. Tek bir yurtd\u0131\u015f\u0131 varm\u0131\u015f\u00e7as\u0131na tavsiye verenler, tek bir akademisyen tipi varm\u0131\u015f\u00e7as\u0131na toplu lin\u00e7 ayinine kat\u0131l\u0131yor. <\/p>\n\n\n\n<p class=\"wp-block-paragraph\">Bu arada bir s\u0131r vereyim, kimse babas\u0131n\u0131n hayr\u0131na \u00e7al\u0131\u015fm\u0131yor. <\/p>\n\n\n\n<p class=\"wp-block-paragraph\"><strong><em>Y\u00fcksek\u00f6\u011fretimde ara\u015ft\u0131rma de\u011ferlendirmesi \u00e7al\u0131\u015fan kad\u0131n ara\u015ft\u0131rmac\u0131 g\u00f6mle\u011fimi giydim, \u00f6yle devam ediyorum&#8230;<\/em><\/strong><\/p>\n\n\n\n<p class=\"wp-block-paragraph\"><strong>A\u015f\u0131r\u0131 genel yavans\u00f6ylemler yerine toplumsal tipin anla\u015f\u0131lmas\u0131<\/strong><\/p>\n\n\n\n<p class=\"wp-block-paragraph\">Benim ara\u015ft\u0131rma alan\u0131m ara\u015ft\u0131rma de\u011ferlendirmesi. Yani hem makalelerimde, hem de bilim ileti\u015fimine y\u00f6nelik yaz\u0131lar\u0131mda akademiye \u00e7ok sert vuruyorum ben de. Benim lugat\u0131ma g\u00f6re sert tabi. Akademisyenleri ya\u011fmac\u0131 dergilere y\u00f6nlendiren motivasyonlar\u0131 ortaya \u00e7\u0131kar\u0131yorum misal. Ancak sonu\u00e7 olarak ara\u015ft\u0131rma de\u011ferlendirme politikalar\u0131n\u0131 de\u011fi\u015ftirmeyi \u00f6neriyorum, ya\u011fmac\u0131 dergilerde yay\u0131n\u0131 olan akademisyenleri \u0130stiklal&#8217;de salland\u0131rmay\u0131 de\u011fil. Akademik ele\u015ftiri b\u00f6yle bir \u015fey de\u011fil \u00e7\u00fcnk\u00fc. Zaten ger\u00e7ek akademik ele\u015ftiri de twitter \u00fczerinden yap\u0131lmaz. Yap\u0131lmad\u0131\u011f\u0131n\u0131\/yap\u0131lamad\u0131\u011f\u0131n\u0131 g\u00f6r\u00fcyoruz uzun y\u0131llard\u0131r. <\/p>\n\n\n\n<p class=\"wp-block-paragraph\">Bu hafta STS dersi okuma listesinde Hasan \u00dcnal Nalbanto\u011flu hocan\u0131n baz\u0131 eserlerini vermi\u015ftim doktora \u00f6\u011frencilerine. Sonra tesad\u00fcfen bu twitter tart\u0131\u015fmas\u0131n\u0131 gerek s\u00f6zl\u00fckte gerekse twitter&#8217;da ersatz yuppie ile a\u00e7\u0131klayan baz\u0131 hesaplar\u0131 g\u00f6r\u00fcnce \u00f6\u011frencilerimle beraber ben de okudum tekrar. Kabak gibi duruyordu kar\u015f\u0131mda s\u00f6ylemek istedi\u011fim her \u015fey. <\/p>\n\n\n<div class=\"wp-block-image\">\n<figure class=\"aligncenter size-full is-resized\"><img loading=\"lazy\" decoding=\"async\" width=\"946\" height=\"381\" src=\"https:\/\/www.zehrataskin.com\/wp-content\/uploads\/2023\/11\/image-10.png\" alt=\"\" class=\"wp-image-1596\" style=\"width:556px;height:auto\" srcset=\"https:\/\/www.zehrataskin.com\/wp-content\/uploads\/2023\/11\/image-10.png 946w, https:\/\/www.zehrataskin.com\/wp-content\/uploads\/2023\/11\/image-10-300x121.png 300w, https:\/\/www.zehrataskin.com\/wp-content\/uploads\/2023\/11\/image-10-768x309.png 768w\" sizes=\"auto, (max-width: 946px) 100vw, 946px\" \/><figcaption class=\"wp-element-caption\">&#8230;&#8230;.<\/figcaption><\/figure>\n<\/div>\n\n<div class=\"wp-block-image\">\n<figure class=\"aligncenter size-full is-resized\"><img loading=\"lazy\" decoding=\"async\" width=\"947\" height=\"215\" src=\"https:\/\/www.zehrataskin.com\/wp-content\/uploads\/2023\/11\/image-11.png\" alt=\"\" class=\"wp-image-1597\" style=\"width:558px;height:auto\" srcset=\"https:\/\/www.zehrataskin.com\/wp-content\/uploads\/2023\/11\/image-11.png 947w, https:\/\/www.zehrataskin.com\/wp-content\/uploads\/2023\/11\/image-11-300x68.png 300w, https:\/\/www.zehrataskin.com\/wp-content\/uploads\/2023\/11\/image-11-768x174.png 768w\" sizes=\"auto, (max-width: 947px) 100vw, 947px\" \/><figcaption class=\"wp-element-caption\">Hasan \u00dcnal Nalbanto\u011flu, \u00dcniversite A.\u015e.de bir \u2018homo academicus&#8217;: \u201cersatz\u201d yuppie akademisyen<\/figcaption><\/figure>\n<\/div>\n\n\n<p class=\"wp-block-paragraph\">Bu <em>kal\u0131ps\u00f6ylemler<\/em>, <em>yavans\u00f6ylemler <\/em>akademiye zarar veriyor. Bu konunun felsefi taraf\u0131n\u0131 \u00e7al\u0131\u015fan bir d\u00fcnya de\u011ferli hoca var ama hi\u00e7birinin etki alan\u0131 bir akademikli hesap kadar \u00e7ok de\u011fil. Olam\u0131yor. Bu da bir ba\u015far\u0131 elbette ama meslekta\u015f\u0131na vurarak mesle\u011finin itibar\u0131n\u0131 ayaklar alt\u0131na almak bana do\u011fru gelmiyor. <\/p>\n\n\n\n<p class=\"wp-block-paragraph\"><em><strong>Bir nefret nesnesi olarak sistem de\u011fil, nepotik Asuman<\/strong><\/em><\/p>\n\n\n\n<p class=\"wp-block-paragraph\">\u0130lgili payla\u015f\u0131ma ele\u015ftiri getiren ben de dahil t\u00fcm kad\u0131n hocalara bu yak\u0131\u015ft\u0131rma yap\u0131ld\u0131. &#8220;Sen neden al\u0131nd\u0131n abla, sen de mi Asumans\u0131n?&#8221; dediler. Bunu s\u00f6yleyen kimseler nepotizmle bir yere getiren sistemi veya nepotizmi besleyen sessizli\u011fi ele\u015ftirmedi hi\u00e7. &#8216;Asuman&#8217;\u0131 ele\u015ftirdiler sadece. \u00c7\u00fcnk\u00fc Asuman gibilerle dolu akademimiz. Hepimiz Asuman\u0131z. Asuman vurulmas\u0131 da, k\u00fcfredilmesi de en kolay fig\u00fcr. Asuman saf, asuman yeteneksiz. Asuman art\u0131k genel olarak kabul edilmi\u015f kad\u0131n akademisyen prototipi belli ki. Nas\u0131l ki eski akademik if\u015fa hesab\u0131 ka\u015f\u0131n\u0131 g\u00f6z\u00fcn\u00fc be\u011fenmedi\u011fini if\u015fayla tehdit etti, bu hesap sayesinde de t\u00fcm kad\u0131n akademisyenler Asuman oldu bir anda. Asl\u0131nda hesab\u0131 engelleme nedenim tam olarak buydu. Kad\u0131n akademisyenlere kolayl\u0131kla nepotizm yaftas\u0131 yak\u0131\u015ft\u0131ran bir hesaba ili\u015fkin hi\u00e7bir \u015fey g\u00f6rmek istemiyordum. Ancak kibir o kadar k\u00f6t\u00fc kalpli bir abimiz ki ele\u015ftirim g\u00f6r\u00fclmesin diye engelledi\u011fimi d\u00fc\u015f\u00fcnd\u00fcrtecek kadar g\u00f6z karartabiliyor. \u00c7\u00fcnk\u00fc <em>&#8216;gad\u0131n akademisyenler a\u011f\u011f\u011fbi hepsi al\u0131ngan, hepsi korkak&#8217;<\/em>&#8230; <\/p>\n\n\n\n<p class=\"wp-block-paragraph\"><em><strong>Yanl\u0131\u015f nesneye odaklanm\u0131\u015f objektiften \u00e7ekilen akademi foto\u011fraf\u0131<\/strong><\/em><\/p>\n\n\n\n<p class=\"wp-block-paragraph\">Bazen foto\u011fraf \u00e7ekersiniz. Harika \u00e7\u0131kaca\u011f\u0131na eminsinizdir. Ancak makinenin objektifi m\u00fckemmelen yap\u0131lan g\u00f6z makyaj\u0131na de\u011fil, masan\u0131n \u00fcst\u00fcnde duran su \u015fi\u015fesini netler. Foto\u011fraf \u00e7\u00f6pe. Bu ele\u015ftirilerin \u00e7o\u011fu b\u00f6yle. Odada kocaman bir fil duruyor, ele\u015ftirenlerse filin aya\u011f\u0131n\u0131n alt\u0131ndaki otla u\u011fra\u015f\u0131p duruyor, ve bunu ilkeli\/idealist olmak diye sat\u0131yorlar. Ben a\u00e7\u0131k\u00e7as\u0131 bunun \u00e7ekirde\u011finde kibir oldu\u011funu d\u00fc\u015f\u00fcn\u00fcyorum. Ben harikay\u0131m, p\u0131r\u0131l p\u0131r\u0131l parl\u0131yorum. Ancak ayn\u0131 akademide birlikte \u00e7al\u0131\u015ft\u0131klar\u0131m o kadar yetersiz ki beni de a\u015fa\u011f\u0131 \u00e7ekiyorlar fikri. Belki do\u011frudur, belki yanl\u0131\u015f. Oras\u0131n\u0131 bilmiyorum. Bildi\u011fim tek \u015fey nas\u0131l ki aforizmik psikolog hesaplar\u0131n\u0131n etkile\u015fimleri birbirine laf sokmaya \u00e7al\u0131\u015fan insanlardan geliyor, bu tip hesaplar\u0131n etkile\u015fimleri de meslekta\u015f\u0131na laf sokmaya \u00e7al\u0131\u015fan ayn\u0131 ofislerde \u00e7al\u0131\u015fan di\u011fer meslekta\u015flardan geliyor. Ke\u015fke bir g\u00fcn profesyonel ileti\u015fimi \u00f6\u011frenebilsek de bu t\u00fcr aforizmalardan medet ummay\u0131 b\u0131raksak. \u00c7\u00fcnk\u00fc bu en \u00e7ok bize zarar veriyor.<\/p>\n\n\n\n<p class=\"wp-block-paragraph\">Bu arada nepotizmi savundu\u011fum falan yok. Nepotizmi besleyen \u015fey sessizli\u011finiz, Asuman de\u011fil. Asuman o sistemde bir yere gelmi\u015f biri sadece. Asuman gider, Makbule gelir. Siz bu sefer de Makbule dersiniz size do\u011frular\u0131 anlatmaya \u00e7al\u0131\u015fan insanlara. Liyakat ve nepotizm hakk\u0131nda devam\u0131n\u0131 okumak isterseniz buradan devam edebilirsiniz: <a href=\"https:\/\/www.zehrataskin.com\/index.php\/2023\/07\/26\/liyakat-ve-nepotizm-nedir\/\" target=\"_blank\" rel=\"noreferrer noopener\">https:\/\/www.zehrataskin.com\/index.php\/2023\/07\/26\/liyakat-ve-nepotizm-nedir\/<\/a> Yok istemezseniz de anlar\u0131m. Buraya kadar okuduysan\u0131z da sabr\u0131n\u0131zdan \u00f6perim. XOXO. <\/p>\n","protected":false},"excerpt":{"rendered":"<p>Ge\u00e7en y\u0131l yanl\u0131\u015f anla\u015f\u0131lm\u0131\u015f ele\u015ftiri k\u00fclt\u00fcr\u00fc hakk\u0131nda bir blog yazm\u0131\u015ft\u0131m: https:\/\/www.zehrataskin.com\/index.php\/2023\/01\/18\/akademide-icsellestirilmis-kabuller-ve-yanlis-anlasilmis-elestiri-kulturu-uzerine\/ S\u0131k s\u0131k da bu k\u00fclt\u00fcr \u00fczerine k\u00f6y\u00fcn delisi olarak s\u00f6ylenip duruyorum. \u00c7\u00fcnk\u00fc sosyal medyan\u0131n&#8230;<\/p>\n<div class=\"more-link-wrapper\"><a class=\"more-link\" href=\"https:\/\/www.zehrataskin.com\/index.php\/2023\/11\/16\/odagi-sasmis-toptanci-elestiricilik\/\">Devam\u0131n\u0131 okuyun<span class=\"screen-reader-text\">Oda\u011f\u0131 \u015fa\u015fm\u0131\u015f toptanc\u0131 &#8216;ele\u015ftiricilik&#8217;<\/span><\/a><\/div>\n","protected":false},"author":1,"featured_media":0,"comment_status":"open","ping_status":"open","sticky":false,"template":"","format":"standard","meta":{"_jetpack_newsletter_access":"","_jetpack_dont_email_post_to_subs":false,"_jetpack_newsletter_tier_id":0,"_jetpack_memberships_contains_paywalled_content":false,"_jetpack_feature_clip_id":0,"_jetpack_memberships_contains_paid_content":false,"footnotes":"","jetpack_post_was_ever_published":false},"categories":[1],"tags":[],"class_list":["post-1587","post","type-post","status-publish","format-standard","hentry","category-genel","entry"],"jetpack_sharing_enabled":true,"jetpack_featured_media_url":"","_links":{"self":[{"href":"https:\/\/www.zehrataskin.com\/index.php\/wp-json\/wp\/v2\/posts\/1587","targetHints":{"allow":["GET"]}}],"collection":[{"href":"https:\/\/www.zehrataskin.com\/index.php\/wp-json\/wp\/v2\/posts"}],"about":[{"href":"https:\/\/www.zehrataskin.com\/index.php\/wp-json\/wp\/v2\/types\/post"}],"author":[{"embeddable":true,"href":"https:\/\/www.zehrataskin.com\/index.php\/wp-json\/wp\/v2\/users\/1"}],"replies":[{"embeddable":true,"href":"https:\/\/www.zehrataskin.com\/index.php\/wp-json\/wp\/v2\/comments?post=1587"}],"version-history":[{"count":11,"href":"https:\/\/www.zehrataskin.com\/index.php\/wp-json\/wp\/v2\/posts\/1587\/revisions"}],"predecessor-version":[{"id":1602,"href":"https:\/\/www.zehrataskin.com\/index.php\/wp-json\/wp\/v2\/posts\/1587\/revisions\/1602"}],"wp:attachment":[{"href":"https:\/\/www.zehrataskin.com\/index.php\/wp-json\/wp\/v2\/media?parent=1587"}],"wp:term":[{"taxonomy":"category","embeddable":true,"href":"https:\/\/www.zehrataskin.com\/index.php\/wp-json\/wp\/v2\/categories?post=1587"},{"taxonomy":"post_tag","embeddable":true,"href":"https:\/\/www.zehrataskin.com\/index.php\/wp-json\/wp\/v2\/tags?post=1587"}],"curies":[{"name":"wp","href":"https:\/\/api.w.org\/{rel}","templated":true}]}}