{"id":1815,"date":"2024-06-29T22:55:13","date_gmt":"2024-06-29T19:55:13","guid":{"rendered":"https:\/\/www.zehrataskin.com\/?p=1815"},"modified":"2024-06-29T22:55:13","modified_gmt":"2024-06-29T19:55:13","slug":"elmas-acik-erisimli-dergiler-ve-turkiyenin-yayincilik-ekosisteminin-degerlendirilmesi","status":"publish","type":"post","link":"https:\/\/www.zehrataskin.com\/index.php\/2024\/06\/29\/elmas-acik-erisimli-dergiler-ve-turkiyenin-yayincilik-ekosisteminin-degerlendirilmesi\/","title":{"rendered":"Elmas a\u00e7\u0131k eri\u015fimli dergiler ve T\u00fcrkiye&#8217;nin yay\u0131nc\u0131l\u0131k ekosisteminin de\u011ferlendirilmesi"},"content":{"rendered":"\n<p class=\"wp-block-paragraph\">2009 y\u0131l\u0131nda lisans\u00fcst\u00fc e\u011fitime ba\u015flad\u0131m. 2010 y\u0131l\u0131nda besin zincirinin taban\u0131ndan akademiye giri\u015f yapt\u0131m. O tarihten itibaren akademideki pek \u00e7ok ara\u015ft\u0131rmac\u0131 gibi ben de bilimsel akademik dergiler i\u00e7in be\u015f kuru\u015f para almadan, tamamen g\u00f6n\u00fcll\u00fc olarak edit\u00f6rl\u00fck ve hakemlik yap\u0131yorum. Makaleler yaz\u0131p bu dergilerde yay\u0131nl\u0131yorum ve benim makalelerim i\u00e7in de akran\u0131m onlarca ki\u015fi s\u0131kl\u0131kla bedelsiz emek veriyor. Yani bir sistemin \u00e7ark\u0131n\u0131 hep birlikte d\u00f6nd\u00fcr\u00fcyoruz.<\/p>\n\n\n\n<p class=\"wp-block-paragraph\">Akademik dergilerin b\u00fcy\u00fck bir k\u0131sm\u0131 tekel yay\u0131nc\u0131lara (Elsevier, Springer, Wiley gibi) ait. Tekel yay\u0131nc\u0131lara ait dergiler genellikle profesyonel hizmet veriyor, profesyonel ekiplerle yay\u0131n s\u00fcre\u00e7lerini y\u00f6netiyorlar. Y\u00f6netebilecek kaynaklar\u0131 var. Akran de\u011ferlendirmesi s\u00fcre\u00e7lerini de ara\u015ft\u0131rmac\u0131lar olarak biz g\u00f6n\u00fclden ve ses \u00e7\u0131karmadan s\u00fcrd\u00fcrd\u00fc\u011f\u00fcm\u00fcz i\u00e7in de tekel yay\u0131nc\u0131lar\u0131n tekerine ta\u015f, g\u00f6z\u00fcne ya\u015f de\u011fmiyor. Bir dernek dergisi sunucu paras\u0131 veremedi\u011fi i\u00e7in kapanabilirken, Elsevier&#8217;\u0131n b\u00f6yle bir sorunu asla olmuyor. Bu durumda da yeterli kayna\u011f\u0131 olmayan yay\u0131nc\u0131lara ait (dernekler\/\u00fcniversiteler) dergiler yeteri kadar sivrilebildilerse bu t\u00fcr b\u00fcy\u00fck yay\u0131nc\u0131lar taraf\u0131ndan sat\u0131n al\u0131n\u0131yor ve ticarile\u015ftiriliyorlar.<\/p>\n\n\n\n<p class=\"wp-block-paragraph\">\u00d6te tarafta maalesef b\u00fcy\u00fck ticari yay\u0131nc\u0131lara ait olmayan dergilerle ilgili \u00e7ok b\u00fcy\u00fck soru i\u015faretleri var. Profesyonel olmamalar\u0131, s\u00fcrd\u00fcr\u00fclebilir bir hizmet vermemeleri, nepotizmin yay\u0131nc\u0131l\u0131k s\u00fcre\u00e7lerinde norm haline gelmesi, bug\u00fcn \u015faibeli faaliyeti olmayan bir derginin bir y\u0131l sonra \u015faibelinin bayrak tutan\u0131 olmas\u0131, edit\u00f6rl\u00fck veya hakemli\u011fin bir t\u00fcr e\u015fik bek\u00e7ili\u011fi haline gelmi\u015f olmas\u0131 gibi \u00e7ok fazla sorun var. Bug\u00fcn kiminle konu\u015fsam bir daha asla T\u00fcrkiye&#8217;deki dergilerde yay\u0131n yapmam diyor. Hepsinin kendine \u00f6zg\u00fc sebepleri\/deneyimleri var. Ancak \u00fcniversite ve dernek dergileri \u00e7\u0131lg\u0131nlar gibi yay\u0131n \u00e7\u0131karmaya da devam ediyor.  <\/p>\n\n\n\n<p class=\"wp-block-paragraph\">Bu yaz\u0131n\u0131n amac\u0131 ara\u015ft\u0131rma performans de\u011ferlendirme sistemleriyle ilgili yak\u0131nmak de\u011fil ama dergilerimizin geldi\u011fi bu durumun ana nedeni de\u011ferlendirme sistemleri. Do\u00e7entlikte ulusal 3 ila 5 yay\u0131n \u015fart\u0131 var ancak \u00f6b\u00fcr tarafta uluslararas\u0131 dergilerin puan\u0131 s\u0131kl\u0131kla daha y\u00fcksek ve daha prestijli. O y\u00fczden ara\u015ft\u0131rmac\u0131lar ara\u015ft\u0131rmalar\u0131n\u0131n konusuna veya hedef kitlesine bakmaks\u0131z\u0131n makalelerini \u00f6nce \u0130ngilizce yaz\u0131yor ve uluslararas\u0131 dergilerde \u015fanslar\u0131n\u0131 deniyorlar. \u00c7al\u0131\u015fma yerel\/b\u00f6lgesel konularda ise genellikle o dergiler bu yay\u0131nlar\u0131 kabul etmiyor (\u00e7\u00fcnk\u00fc bilirsiniz, ABD&#8217;yi de\u011ferlendiren \u00e7al\u0131\u015fmalar t\u00fcm d\u00fcnyay\u0131 ilgilendirir, T\u00fcrkiye yaln\u0131zca bir &#8220;case&#8221; olabilir ve bu case kimseyi ilgilendirmez). Sonra bu reddedilmi\u015f \u00e7al\u0131\u015fmalar dili bile de\u011fi\u015ftirilmeden &#8220;ulusal&#8221; dergilerde yay\u0131nlan\u0131yor. Sonu\u00e7: Kimsenin okumad\u0131\u011f\u0131 bir yay\u0131n y\u0131\u011f\u0131n\u0131. Ulusal\/uluslararas\u0131 kavramsalla\u015ft\u0131rmas\u0131 da olmay\u0131nca her \u015fey k\u00f6rd\u00fc\u011f\u00fcme d\u00f6n\u00fcyor. <\/p>\n\n\n\n<p class=\"wp-block-paragraph\">Bir s\u00fcredir Federation of Finnish Learned Societies (TSV) tak\u0131m\u0131n\u0131n bir \u00fcyesi olarak <a href=\"https:\/\/diamasproject.eu\/\" target=\"_blank\" rel=\"noreferrer noopener\">DIAMAS<\/a> projesinde \u00e7al\u0131\u015f\u0131yorum. AB taraf\u0131ndan fonlanan DIAMAS projesinin temel amac\u0131 Avrupa&#8217;da bilimsel ileti\u015fimi iyile\u015ftirmek i\u00e7in kurumsal a\u00e7\u0131k eri\u015fim yay\u0131nc\u0131l\u0131k modelleri geli\u015ftirmek. Bu blog yaz\u0131s\u0131nda sizlere bu projenin iki \u00f6nemli \u00e7\u0131kt\u0131s\u0131ndan ve bu \u00e7\u0131kt\u0131lardan nas\u0131l yararlanabilece\u011fimizden bahsedece\u011fim. <\/p>\n\n\n\n<p class=\"wp-block-paragraph\"><strong>Elmas A\u00e7\u0131k Eri\u015fim Standard\u0131 (DOAS) ve \u00d6z De\u011ferlendirme Arac\u0131<\/strong><\/p>\n\n\n\n<p class=\"wp-block-paragraph\">Elmas a\u00e7\u0131k eri\u015fim resmi tan\u0131m\u0131yla &#8220;<em>dergilerin ve platformlar\u0131n yazarlardan veya okuyuculardan \u00fccret talep etmedi\u011fi bilimsel yay\u0131n modelini ifade eder. Elmas a\u00e7\u0131k eri\u015fim dergileri, topluluk odakl\u0131, akademi taraf\u0131ndan y\u00fcr\u00fct\u00fclen veya sahip olunan yay\u0131nc\u0131l\u0131k giri\u015fimlerini temsil eder. Genellikle k\u00fc\u00e7\u00fck \u00f6l\u00e7ekli, \u00e7ok dilli ve \u00e7ok k\u00fclt\u00fcrl\u00fc bilimsel topluluklar\u0131n ayr\u0131nt\u0131l\u0131 bir \u00e7e\u015fitlili\u011fine hizmet eden bu dergiler ve platformlar, bibliyo\u00e7e\u015fitlilik kavram\u0131n\u0131 somutla\u015ft\u0131r\u0131r&#8221;<\/em> (<a href=\"https:\/\/www.scienceeurope.org\/media\/ka3guy5t\/202304-diamond-oa-icin-eylem-plani.pdf\">Elmas A\u00e7\u0131k Eri\u015fim Eylem Plan\u0131<\/a>). Bu konuda bir <a href=\"https:\/\/www.zehrataskin.com\/index.php\/2023\/12\/07\/shine-bright-like-a-diamond-elmas-acik-erisim-nedir\/\">blog<\/a> da yazm\u0131\u015ft\u0131m. Temel okuma i\u00e7in oradan da devam edebilirsiniz. <\/p>\n\n\n\n<p class=\"wp-block-paragraph\">\u0130\u015fte DIAMAS projesinde elmas a\u00e7\u0131k eri\u015fimin standard\u0131 geli\u015ftirildi. Standarda bu adresten eri\u015febilirsiniz: <a href=\"https:\/\/zenodo.org\/records\/11489692\" target=\"_blank\" rel=\"noreferrer noopener\">https:\/\/zenodo.org\/records\/11489692<\/a> <\/p>\n\n\n\n<p class=\"wp-block-paragraph\"><em><strong>Peki elmas a\u00e7\u0131k eri\u015fim standard\u0131 ne?<\/strong><\/em><\/p>\n\n\n\n<p class=\"wp-block-paragraph\">Elmas a\u00e7\u0131k eri\u015fim standard\u0131yla bir elmas derginin sahip olmas\u0131 gereken ana bile\u015fenler belirlenmi\u015f durumda. Bunlar yedi grupta toplanm\u0131\u015f: <\/p>\n\n\n\n<ul class=\"wp-block-list\">\n<li>Finansman, <\/li>\n\n\n\n<li>Yasal sahiplik, misyon ve y\u00f6netim,<\/li>\n\n\n\n<li>A\u00e7\u0131k bilim,<\/li>\n\n\n\n<li>Editoryal y\u00f6netim, editoryal kalite ve ara\u015ft\u0131rma b\u00fct\u00fcnl\u00fc\u011f\u00fc,<\/li>\n\n\n\n<li>Teknik hizmet verimlili\u011fi,<\/li>\n\n\n\n<li>G\u00f6r\u00fcn\u00fcrl\u00fck, ileti\u015fim, pazarlama ve etki,<\/li>\n\n\n\n<li>E\u015fitlik, \u00e7e\u015fitlilik, kat\u0131l\u0131m ve aidiyet (EDIB), \u00e7ok dillilik ve cinsiyet e\u015fitli\u011fi<\/li>\n<\/ul>\n\n\n\n<p class=\"wp-block-paragraph\">Her grubun detayl\u0131 a\u00e7\u0131klamas\u0131 standartta yer al\u0131yor. Ancak daha g\u00fczeli standard\u0131n bir de dergiler i\u00e7in \u00f6z-de\u011ferlendirme arac\u0131 sunuyor olmas\u0131. <\/p>\n\n\n\n<p class=\"wp-block-paragraph\"><strong>Kurumsal yay\u0131nc\u0131 ve servis sa\u011flay\u0131c\u0131lar i\u00e7in \u00f6z de\u011ferlendirme arac\u0131: <a href=\"https:\/\/diamas.fecyt.es\/\" target=\"_blank\" rel=\"noreferrer noopener\">https:\/\/diamas.fecyt.es\/<\/a><\/strong><\/p>\n\n\n\n<p class=\"wp-block-paragraph\">DIAMAS projesinde iki \u00f6nemli grup var. Birincisi kurumsal yay\u0131nc\u0131lar (IP). Bizde bu t\u00fcrde yay\u0131nc\u0131lar\u0131 \u00e7ok say\u0131da grupta de\u011ferlendirmek m\u00fcmk\u00fcn. DergiPark&#8217;ta yer alan kurumsal yay\u0131nc\u0131 t\u00fcrleri: \u00dcniversite, kamu, e\u011fitim ve ara\u015ft\u0131rma hastaneleri, dernekler, vak\u0131flar, meslek odalar\u0131, \u00f6zel (ticari) kurulu\u015flar, \u015fah\u0131slar ve sendikalar. \u00d6te yandan bir de servis sa\u011flay\u0131c\u0131lar (SP) var. T\u00fcrkiye&#8217;nin en b\u00fcy\u00fck kurumsal servis sa\u011flay\u0131c\u0131s\u0131 T\u00dcB\u0130TAK ULAKB\u0130M; sa\u011flad\u0131\u011f\u0131 servis de DergiPark. D\u00fcnyada \u00f6rnekleri olsa da (Latin Amerika&#8217;dan <a href=\"http:\/\/portal.amelica.org\/\">AmeliCA <\/a>gibi), servis sa\u011flay\u0131c\u0131 rol\u00fcn\u00fcn en \u00f6nemli \u00f6rneklerinden biri DergiPark. Kamu kaynaklar\u0131n\u0131n bilimsel dergiler i\u00e7in y\u00f6netsel s\u00fcre\u00e7lerin i\u015fletilmesine, DOI hizmeti verilmesine ve dergilerin \u00e7\u0131kar\u0131lmas\u0131na aktar\u0131lmas\u0131 m\u00fcthi\u015f bir hizmet. Di\u011fer yandan ULAKB\u0130M elmas a\u00e7\u0131k eri\u015fimin ilk imzac\u0131lar\u0131ndan biri. Bu bak\u0131mdan da elmas a\u00e7\u0131k eri\u015fimle ilgili geli\u015fmelerin DergiPark&#8217;a yans\u0131t\u0131lmas\u0131 \u00f6nemli ve gerekli.  <\/p>\n\n\n\n<p class=\"wp-block-paragraph\">\u00d6z de\u011ferlendirme arac\u0131yla kurumsal yay\u0131nc\u0131 ve servis sa\u011flay\u0131c\u0131lar hizmetlerinin DOAS ile uyumlulu\u011funu kontrol edebilirler. Bunun i\u00e7in: <\/p>\n\n\n\n<ul class=\"wp-block-list\">\n<li><a href=\"https:\/\/diamas.fecyt.es\/\">https:\/\/diamas.fecyt.es\/<\/a> adresine girin.<\/li>\n\n\n\n<li>Kay\u0131t olu\u015fturun.<\/li>\n\n\n\n<li>Mod\u00fcl se\u00e7in.<\/li>\n\n\n\n<li>Sorulara yan\u0131t verin.<\/li>\n\n\n\n<li>Verdi\u011finiz yan\u0131tlara g\u00f6re olu\u015fturulan raporunuza eri\u015fin.<\/li>\n<\/ul>\n\n\n\n<p class=\"wp-block-paragraph\">\u00d6ncelikle dergi \u00e7\u0131kar\u0131yorsan\u0131z ve derginizin gereklilikleri ne \u00f6l\u00e7\u00fcde kar\u015f\u0131lad\u0131\u011f\u0131n\u0131 merak ediyorsan\u0131z hi\u00e7 d\u00fc\u015f\u00fcnmeden raporunuzu olu\u015fturun derim. Arac\u0131n kullan\u0131m\u0131 ile ilgili bir video DIAMAS YouTube kanal\u0131nda var: <\/p>\n\n\n\n<figure class=\"wp-block-embed aligncenter is-type-video is-provider-youtube wp-block-embed-youtube wp-embed-aspect-16-9 wp-has-aspect-ratio\"><div class=\"wp-block-embed__wrapper\">\n<iframe loading=\"lazy\" title=\"DOAS: Self-Assessment Tool for Diamond OA\" width=\"500\" height=\"281\" src=\"https:\/\/www.youtube.com\/embed\/_RUwV_bcFAI?feature=oembed\" frameborder=\"0\" allow=\"accelerometer; autoplay; clipboard-write; encrypted-media; gyroscope; picture-in-picture; web-share\" referrerpolicy=\"strict-origin-when-cross-origin\" allowfullscreen><\/iframe>\n<\/div><figcaption class=\"wp-element-caption\">\u00d6z de\u011ferlendirme arac\u0131 kullan\u0131m\u0131<\/figcaption><\/figure>\n\n\n\n<p class=\"wp-block-paragraph\"><strong>Yay\u0131nc\u0131l\u0131k ekosisteminin de\u011ferlendirilmesi: <em>National Overviews<\/em><\/strong><\/p>\n\n\n\n<p class=\"wp-block-paragraph\">Haziran ay\u0131 ortas\u0131nda DIAMAS&#8217;\u0131n 10 \u00fclkenin yay\u0131nc\u0131l\u0131k ekosistemlerinin de\u011ferlendirildi\u011fi \u00e7\u0131kt\u0131s\u0131 yay\u0131nland\u0131. Bize \u00e7ok benzeyen \u00fclkeler var, hi\u00e7 benzemeyen \u00fclkeler var. Raporda T\u00fcrkiye olmasa da bu blog yaz\u0131s\u0131nda T\u00fcrkiye verilerini de \u00f6zetleyece\u011fim. \u00c7\u00fcnk\u00fc y\u00f6ntem ve veri i\u015fi bendeydi ve bu veriler kara delikte kaybolamazd\u0131. Buyurun \u00fclkemizin yay\u0131nc\u0131l\u0131k ekosistemine&#8230;<\/p>\n\n\n<div class=\"wp-block-image\">\n<figure class=\"aligncenter size-full is-resized\"><a href=\"https:\/\/zenodo.org\/records\/11383941\" target=\"_blank\" rel=\"noreferrer noopener\"><img loading=\"lazy\" decoding=\"async\" width=\"871\" height=\"546\" src=\"https:\/\/www.zehrataskin.com\/wp-content\/uploads\/2024\/06\/image-10.png\" alt=\"\" class=\"wp-image-1847\" style=\"width:582px;height:auto\" srcset=\"https:\/\/www.zehrataskin.com\/wp-content\/uploads\/2024\/06\/image-10.png 871w, https:\/\/www.zehrataskin.com\/wp-content\/uploads\/2024\/06\/image-10-300x188.png 300w, https:\/\/www.zehrataskin.com\/wp-content\/uploads\/2024\/06\/image-10-768x481.png 768w\" sizes=\"auto, (max-width: 871px) 100vw, 871px\" \/><\/a><figcaption class=\"wp-element-caption\">\u00d6nce raporu okumak isterseniz buradan: <a href=\"https:\/\/zenodo.org\/records\/11383941\">https:\/\/zenodo.org\/records\/11383941<\/a><\/figcaption><\/figure>\n<\/div>\n\n\n<p class=\"wp-block-paragraph\"><em>Dergi yay\u0131nc\u0131l\u0131\u011f\u0131: Dergi platformlar\u0131nda dergilerimiz<\/em><\/p>\n\n\n\n<p class=\"wp-block-paragraph\">Rapora bakarsan\u0131z her \u00fclkenin raporunda dergilerin platformlara da\u011f\u0131l\u0131m\u0131n\u0131 g\u00f6rebilirsiniz. 21. sayfadaki \u015eekil 2&#8217;de de hepsinin kar\u015f\u0131la\u015ft\u0131rmal\u0131 \u00f6zeti var. Peki T\u00fcrkiye&#8217;deki dergilerin veri kaynaklar\u0131na da\u011f\u0131l\u0131m\u0131 nas\u0131l diye sorarsan\u0131z \u015f\u00f6yle (ara\u015ft\u0131rma metodolojisiyle ilglii bilgi i\u00e7in raporun giri\u015f k\u0131sm\u0131n\u0131 okuyabilirsiniz): <\/p>\n\n\n<div class=\"wp-block-image\">\n<figure class=\"aligncenter size-large\"><img loading=\"lazy\" decoding=\"async\" width=\"1024\" height=\"374\" src=\"https:\/\/www.zehrataskin.com\/wp-content\/uploads\/2024\/06\/image-12-1024x374.png\" alt=\"\" class=\"wp-image-1850\" srcset=\"https:\/\/www.zehrataskin.com\/wp-content\/uploads\/2024\/06\/image-12-1024x374.png 1024w, https:\/\/www.zehrataskin.com\/wp-content\/uploads\/2024\/06\/image-12-300x110.png 300w, https:\/\/www.zehrataskin.com\/wp-content\/uploads\/2024\/06\/image-12-768x280.png 768w, https:\/\/www.zehrataskin.com\/wp-content\/uploads\/2024\/06\/image-12.png 1471w\" sizes=\"auto, (max-width: 1024px) 100vw, 1024px\" \/><figcaption class=\"wp-element-caption\">Dergi veri taban\u0131 ve platformlarda T\u00fcrkiye adresli dergiler<\/figcaption><\/figure>\n<\/div>\n\n\n<p class=\"wp-block-paragraph\">Tablodan izleyebilece\u011finiz en \u00f6nemli bulgulardan biri Avrupa&#8217;n\u0131n \u00e7ok say\u0131da \u00fclkesinden daha fazla dergi \u00e7\u0131kar\u0131yor olmam\u0131z (ISSN Portal verileri). Dergi say\u0131m\u0131z hem ortalaman\u0131n hem de ortancan\u0131n \u00fczerinde. Bu noktada bize en \u00e7ok benzeyen \u00fclkeler Polonya, \u0130talya ve Fransa. Almanya, Hollanda ve Birle\u015fik Krall\u0131k&#8217;\u0131n dergi say\u0131s\u0131 bizden \u00e7ok daha fazla ancak onlar\u0131n dergi ekosistemi de bizimkine pek benzemiyor. En b\u00fcy\u00fck yay\u0131nevlerinin bu \u00fclkelerde olmas\u0131n\u0131n bu dergi say\u0131s\u0131 \u00fczerindeki etkisi b\u00fcy\u00fck. <\/p>\n\n\n\n<p class=\"wp-block-paragraph\">DOAJ&#8217;daki dergilerimizin say\u0131s\u0131n\u0131n Avrupa ortalamas\u0131na g\u00f6re hayli y\u00fcksek olmas\u0131ysa k\u0131ymetli. Di\u011fer taraftan pek \u00e7ok dergimize altyap\u0131 deste\u011fi DergiPark taraf\u0131ndan sa\u011flan\u0131yor olsa da Avrupa&#8217;da en \u00e7ok OJS kullanan \u00fclkelerden biriyiz. OJS dergiler i\u00e7in a\u00e7\u0131k kaynak kodlu bir yaz\u0131l\u0131m. A\u00e7\u0131k eri\u015fimi yak\u0131ndan takip eden bir \u00fclke oldu\u011fumuz bu k\u0131s\u0131mdaki verilerden kolayl\u0131kla anla\u015f\u0131l\u0131yor. <\/p>\n\n\n\n<p class=\"wp-block-paragraph\"><em>Dergi yay\u0131nc\u0131l\u0131\u011f\u0131: Yay\u0131n dili<\/em><\/p>\n\n\n\n<p class=\"wp-block-paragraph\">Avrupa&#8217;da k\u0131rktan fazla dil konu\u015fuluyor. Avrupa dergilerinin yar\u0131s\u0131 \u0130ngilizce dilinde yay\u0131nlan\u0131yor. Ancak platformlara do\u011fru \u00e7ember daralt\u0131ld\u0131\u011f\u0131nda \u0130ngilizcenin bask\u0131nl\u0131\u011f\u0131n\u0131n artt\u0131\u011f\u0131n\u0131 g\u00f6rmek m\u00fcmk\u00fcn. T\u00fcrkiye verisinde de ayn\u0131 \u00f6r\u00fcnt\u00fcy\u00fc var. Yine de Web of Science&#8217;da dizinlenen dergilerimizin yaln\u0131zca %35&#8217;i \u0130ngilizce yay\u0131n yapan dergiler. Buna benzer \u00f6zellik g\u00f6steren \u00fclkeler \u0130talya, Fransa, H\u0131rvatistan ve Polonya. <\/p>\n\n\n<div class=\"wp-block-image\">\n<figure class=\"aligncenter size-large\"><img loading=\"lazy\" decoding=\"async\" width=\"1024\" height=\"430\" src=\"https:\/\/www.zehrataskin.com\/wp-content\/uploads\/2024\/06\/image-13-1024x430.png\" alt=\"\" class=\"wp-image-1851\" srcset=\"https:\/\/www.zehrataskin.com\/wp-content\/uploads\/2024\/06\/image-13-1024x430.png 1024w, https:\/\/www.zehrataskin.com\/wp-content\/uploads\/2024\/06\/image-13-300x126.png 300w, https:\/\/www.zehrataskin.com\/wp-content\/uploads\/2024\/06\/image-13-768x323.png 768w, https:\/\/www.zehrataskin.com\/wp-content\/uploads\/2024\/06\/image-13.png 1455w\" sizes=\"auto, (max-width: 1024px) 100vw, 1024px\" \/><figcaption class=\"wp-element-caption\">Avrupa ve d\u00fcnyada yay\u0131nlanan dergiler ile T\u00fcrkiye adresli dergilerin dillerinin platformlara g\u00f6re da\u011f\u0131l\u0131m\u0131<\/figcaption><\/figure>\n<\/div>\n\n\n<p class=\"wp-block-paragraph\">Baz\u0131 dergilerimizin sa\u011flad\u0131\u011f\u0131 g\u00f6r\u00fcn\u00fcrl\u00fck sayesinde etki fakt\u00f6r\u00fcn\u00fc art\u0131rarak dizinde tutunabilmek ama\u00e7l\u0131 dil politikalar\u0131n\u0131 esnettiklerini biliyoruz. Ancak bunun ters tepti\u011fi ve gelen yay\u0131nlar\u0131n kalitesini d\u00fc\u015f\u00fcrd\u00fc\u011f\u00fc de bir ger\u00e7ek (bununla ilgili bir blog yazm\u0131\u015ft\u0131m: <a href=\"https:\/\/www.zehrataskin.com\/index.php\/2020\/08\/13\/bilimin-degerlendirilmesinde-cok-dillilik-uzerine\/\">https:\/\/www.zehrataskin.com\/index.php\/2020\/08\/13\/bilimin-degerlendirilmesinde-cok-dillilik-uzerine\/<\/a>). Verilerse &#8220;onlardan biri olabilmek&#8221; i\u00e7in dil politikalar\u0131n\u0131 de\u011fi\u015ftirmek zorunda olmad\u0131\u011f\u0131m\u0131z\u0131 g\u00f6steriyor. Benzer yay\u0131nc\u0131l\u0131k sistemlerine sahip \u00fclkeler var. \u00d6te yandan ticari platformlar zaten \u00fclkede sat\u0131\u015f yapabilmek i\u00e7in her ge\u00e7en y\u0131l koleksiyonlar\u0131n\u0131 daha fazla geni\u015fletiyorlar. Bizim \u015fu a\u015famada yapmam\u0131z gereken ulusal\/uluslararas\u0131 kavramsalla\u015ft\u0131rmas\u0131n\u0131 yapmam\u0131z ve yay\u0131n\u0131n dilinin hedef kitleye ve konuya g\u00f6re belirlenmesi gerekti\u011fini anlamam\u0131z. Biri di\u011ferinden \u00fcst\u00fcn olmak zorunda de\u011fil. <\/p>\n\n\n\n<p class=\"wp-block-paragraph\"><em>Dergi yay\u0131nc\u0131l\u0131\u011f\u0131: Yay\u0131nc\u0131 t\u00fcrleri<\/em><\/p>\n\n\n\n<p class=\"wp-block-paragraph\">Raporda bizi en \u00e7ok u\u011fra\u015ft\u0131ran k\u0131s\u0131m yay\u0131nc\u0131 s\u0131n\u0131flamas\u0131yd\u0131. Ancak yay\u0131nc\u0131 s\u0131n\u0131flamas\u0131 \u00e7ok muazzam sonu\u00e7lar \u00fcretti. T\u00fcrkiye&#8217;deki dergilerin yay\u0131nc\u0131 t\u00fcrleri Avrupa kar\u015f\u0131la\u015ft\u0131rmas\u0131yla birlikte a\u015fa\u011f\u0131da. <\/p>\n\n\n<div class=\"wp-block-image\">\n<figure class=\"aligncenter size-full is-resized\"><img loading=\"lazy\" decoding=\"async\" width=\"1017\" height=\"993\" src=\"https:\/\/www.zehrataskin.com\/wp-content\/uploads\/2024\/06\/image-16.png\" alt=\"\" class=\"wp-image-1855\" style=\"width:622px;height:auto\" srcset=\"https:\/\/www.zehrataskin.com\/wp-content\/uploads\/2024\/06\/image-16.png 1017w, https:\/\/www.zehrataskin.com\/wp-content\/uploads\/2024\/06\/image-16-300x293.png 300w, https:\/\/www.zehrataskin.com\/wp-content\/uploads\/2024\/06\/image-16-768x750.png 768w\" sizes=\"auto, (max-width: 1017px) 100vw, 1017px\" \/><figcaption class=\"wp-element-caption\">D\u00fcnya, Avrupa ve T\u00fcrkiye&#8217;de \u00e7\u0131kar\u0131lan dergilerin yay\u0131nc\u0131 t\u00fcrlerine da\u011f\u0131l\u0131m\u0131<\/figcaption><\/figure>\n<\/div>\n\n\n<p class=\"wp-block-paragraph\">Bu sonu\u00e7 kimse i\u00e7in \u015fa\u015f\u0131rt\u0131c\u0131 de\u011fildir diye d\u00fc\u015f\u00fcn\u00fcyorum. Zira her \u00fcniversitemizin, her fak\u00fcltesinin ve hatta her b\u00f6l\u00fcm\u00fcn\u00fcn dergisi var. \u00dcniversite say\u0131m\u0131z\u0131n da ma\u015fallah\u0131 oldu\u011fu i\u00e7in yukar\u0131daki istatistikler benim a\u00e7\u0131mdan \u00e7ok beklenen bir durumu say\u0131yla kan\u0131tl\u0131yor. Ayn\u0131 da\u011f\u0131l\u0131m\u0131 H\u0131rvatistan, Polonya ve \u0130spanya&#8217;da g\u00f6rmek m\u00fcmk\u00fcn. <\/p>\n\n\n\n<p class=\"wp-block-paragraph\">Maalesef her dergimizin iyi seviyede yay\u0131nc\u0131l\u0131k faaliyeti s\u00fcrd\u00fcrd\u00fc\u011f\u00fcn\u00fc s\u00f6ylemek g\u00fc\u00e7. Her ge\u00e7en g\u00fcn T\u00fcrkiye&#8217;deki dergilerde enteresan uygulamalarla kar\u015f\u0131la\u015f\u0131yoruz. Daha \u00f6nce de yazd\u0131\u011f\u0131m gibi edit\u00f6rl\u00fck ve hakemlik e\u015fik bek\u00e7ili\u011fine d\u00f6n\u00fc\u015fm\u00fc\u015f durumda. \u015eimdiye kadar sundu\u011fum istatistiklerde a\u00e7\u0131k eri\u015fimi olduk\u00e7a destekleyen ve muazzam bir \u00e7e\u015fitlili\u011fe sahip bir dergi ekosistemine sahip oldu\u011fumuz g\u00f6r\u00fclebiliyor. Ancak elmas a\u00e7\u0131k eri\u015fimin d\u00f6rt maddesinden biri &#8220;kalite standartlar\u0131&#8221;. Kalite standartlar\u0131n\u0131 sa\u011flayabilmek i\u00e7in daha sert \u00f6nlemler almam\u0131z gerekiyor. Bence ba\u015flang\u0131\u00e7 noktas\u0131 da DergiPark&#8217;ta bar\u0131nman\u0131n ana ko\u015fulu olarak hakem raporlar\u0131n\u0131n \u015feffaf hale getirilmesi olabilir. Hakem kimli\u011fini merak etmiyorum, hakemin de\u011ferlendirmesinin niteli\u011fini merak ediyorum. Raporunun a\u00e7\u0131k\u00e7a yay\u0131nlanaca\u011f\u0131n\u0131 bilen ki\u015filer e\u015fik bek\u00e7ili\u011fini b\u0131rakabilir belki. Belki tabi.<\/p>\n\n\n\n<p class=\"wp-block-paragraph\"><em>Dergi yay\u0131nc\u0131l\u0131\u011f\u0131: Dergi konu kategorileri<\/em><\/p>\n\n\n\n<p class=\"wp-block-paragraph\">Web of Science&#8217;da dizinlenen dergilerimizin konu kategorilerine da\u011f\u0131l\u0131m\u0131 a\u015fa\u011f\u0131daki gibi. <\/p>\n\n\n<div class=\"wp-block-image\">\n<figure class=\"aligncenter size-full\"><img loading=\"lazy\" decoding=\"async\" width=\"902\" height=\"362\" src=\"https:\/\/www.zehrataskin.com\/wp-content\/uploads\/2024\/06\/image-15.png\" alt=\"\" class=\"wp-image-1854\" srcset=\"https:\/\/www.zehrataskin.com\/wp-content\/uploads\/2024\/06\/image-15.png 902w, https:\/\/www.zehrataskin.com\/wp-content\/uploads\/2024\/06\/image-15-300x120.png 300w, https:\/\/www.zehrataskin.com\/wp-content\/uploads\/2024\/06\/image-15-768x308.png 768w\" sizes=\"auto, (max-width: 902px) 100vw, 902px\" \/><figcaption class=\"wp-element-caption\">Web of Science&#8217;da dizinlenen T\u00fcrkiye adresli dergilerin konu kategorilerine da\u011f\u0131l\u0131m\u0131<\/figcaption><\/figure>\n<\/div>\n\n\n<p class=\"wp-block-paragraph\">Dergilerin konu kategorilerine da\u011f\u0131l\u0131m\u0131nda da ayn\u0131 \u00e7e\u015fitlili\u011fi izlemek m\u00fcmk\u00fcn. Sosyal bilimler, sanat ve be\u015feri bilimler dergilerimizin bu denli g\u00f6r\u00fcn\u00fcr olmas\u0131 g\u00fczel. <\/p>\n\n\n\n<p class=\"wp-block-paragraph\">Asl\u0131nda y\u00fcksek\u00f6\u011fretim sistemlerinin b\u00fcy\u00fckl\u00fc\u011f\u00fc de raporun bir k\u0131sm\u0131n\u0131 olu\u015fturuyor ancak onu zaten biliyorsunuz. O y\u00fczden rapordaki \u00fclkelerin y\u00fcksek\u00f6\u011fretim sistemleriyle kar\u015f\u0131la\u015ft\u0131rmay\u0131 kolayca yapabilirsiniz. <\/p>\n\n\n\n<p class=\"wp-block-paragraph\">Dergi \u00e7\u0131kar\u0131yorsan\u0131z ve derginizin k\u00f6t\u00fc uygulamalar\u0131yla de\u011fil, alanda \u00f6rnek olabilecek uygulamalar\u0131yla an\u0131lmas\u0131n\u0131 istiyorsan\u0131z dikkat etmeniz gereken en \u00f6nemli \u015fey i\u015fi olmas\u0131 gerekti\u011fi gibi yapmak. Elmas a\u00e7\u0131k eri\u015fim standard\u0131 buna yard\u0131mc\u0131 olabilir. Mevcut durumu bilmek sistemi iyile\u015ftirmede kullan\u0131labilir. Kullan\u0131n. Ben elimden geldi\u011fince d\u00fcnyadaki geli\u015fmeleri bu bloga ta\u015f\u0131maya devam edece\u011fim. S\u00f6z. <\/p>\n","protected":false},"excerpt":{"rendered":"<p>2009 y\u0131l\u0131nda lisans\u00fcst\u00fc e\u011fitime ba\u015flad\u0131m. 2010 y\u0131l\u0131nda besin zincirinin taban\u0131ndan akademiye giri\u015f yapt\u0131m. O tarihten itibaren akademideki pek \u00e7ok ara\u015ft\u0131rmac\u0131 gibi ben de bilimsel akademik&#8230;<\/p>\n<div class=\"more-link-wrapper\"><a class=\"more-link\" href=\"https:\/\/www.zehrataskin.com\/index.php\/2024\/06\/29\/elmas-acik-erisimli-dergiler-ve-turkiyenin-yayincilik-ekosisteminin-degerlendirilmesi\/\">Devam\u0131n\u0131 okuyun<span class=\"screen-reader-text\">Elmas a\u00e7\u0131k eri\u015fimli dergiler ve T\u00fcrkiye&#8217;nin yay\u0131nc\u0131l\u0131k ekosisteminin de\u011ferlendirilmesi<\/span><\/a><\/div>\n","protected":false},"author":1,"featured_media":0,"comment_status":"open","ping_status":"open","sticky":false,"template":"","format":"standard","meta":{"_jetpack_newsletter_access":"","_jetpack_dont_email_post_to_subs":false,"_jetpack_newsletter_tier_id":0,"_jetpack_memberships_contains_paywalled_content":false,"_jetpack_feature_clip_id":0,"_jetpack_memberships_contains_paid_content":false,"footnotes":"","jetpack_post_was_ever_published":false},"categories":[1],"tags":[],"class_list":["post-1815","post","type-post","status-publish","format-standard","hentry","category-genel","entry"],"jetpack_sharing_enabled":true,"jetpack_featured_media_url":"","_links":{"self":[{"href":"https:\/\/www.zehrataskin.com\/index.php\/wp-json\/wp\/v2\/posts\/1815","targetHints":{"allow":["GET"]}}],"collection":[{"href":"https:\/\/www.zehrataskin.com\/index.php\/wp-json\/wp\/v2\/posts"}],"about":[{"href":"https:\/\/www.zehrataskin.com\/index.php\/wp-json\/wp\/v2\/types\/post"}],"author":[{"embeddable":true,"href":"https:\/\/www.zehrataskin.com\/index.php\/wp-json\/wp\/v2\/users\/1"}],"replies":[{"embeddable":true,"href":"https:\/\/www.zehrataskin.com\/index.php\/wp-json\/wp\/v2\/comments?post=1815"}],"version-history":[{"count":5,"href":"https:\/\/www.zehrataskin.com\/index.php\/wp-json\/wp\/v2\/posts\/1815\/revisions"}],"predecessor-version":[{"id":1856,"href":"https:\/\/www.zehrataskin.com\/index.php\/wp-json\/wp\/v2\/posts\/1815\/revisions\/1856"}],"wp:attachment":[{"href":"https:\/\/www.zehrataskin.com\/index.php\/wp-json\/wp\/v2\/media?parent=1815"}],"wp:term":[{"taxonomy":"category","embeddable":true,"href":"https:\/\/www.zehrataskin.com\/index.php\/wp-json\/wp\/v2\/categories?post=1815"},{"taxonomy":"post_tag","embeddable":true,"href":"https:\/\/www.zehrataskin.com\/index.php\/wp-json\/wp\/v2\/tags?post=1815"}],"curies":[{"name":"wp","href":"https:\/\/api.w.org\/{rel}","templated":true}]}}