{"id":1867,"date":"2024-07-02T18:15:01","date_gmt":"2024-07-02T15:15:01","guid":{"rendered":"https:\/\/www.zehrataskin.com\/?p=1867"},"modified":"2024-07-02T18:15:01","modified_gmt":"2024-07-02T15:15:01","slug":"gecmise-fotograflardan-bakmak","status":"publish","type":"post","link":"https:\/\/www.zehrataskin.com\/index.php\/2024\/07\/02\/gecmise-fotograflardan-bakmak\/","title":{"rendered":"Ge\u00e7mi\u015fe foto\u011fraflardan bakmak"},"content":{"rendered":"\n<p class=\"wp-block-paragraph\">Hi\u00e7 takvimimde olmayan, yazman\u0131n akl\u0131m\u0131n ucundan bile ge\u00e7medi\u011fi bir blog yazmaya karar verdim be\u015f dakika \u00f6nce. Windows&#8217;un Eski Foto\u011fraflar uygulamas\u0131ndan tarihte bug\u00fcn sekmesine bakmaya bay\u0131l\u0131yorum. Ara s\u0131ra \u00e7ok acayip anlar\u0131 hat\u0131rlat\u0131yor, tebess\u00fcm ediyorum. Ara s\u0131ra Emir&#8217;in \u015fap\u015fik foto\u011fraflar\u0131 \u00e7\u0131k\u0131yor, g\u00fcl\u00fcyor e\u011fleniyorum. Bug\u00fcn kar\u015f\u0131ma \u00e7\u0131kan foto\u011fraf bu. 2012 y\u0131l\u0131ndan. Hikayesini birazdan anlataca\u011f\u0131m. Bu yaz\u0131 ile gen\u00e7 ve kad\u0131n ara\u015ft\u0131rmac\u0131lar\u0131n ya\u015fad\u0131klar\u0131n\u0131n minik bir k\u0131sm\u0131n\u0131 kendi hikayem \u00fczerinden anlat\u0131r\u0131m diye d\u00fc\u015f\u00fcn\u00fcyorum. Asl\u0131nda yine ki\u015fisel tarihime not gibi olacak bu yaz\u0131. Blogumda b\u00f6yle \u00e7ok yaz\u0131 var. \u015e\u00f6yle bir gezinirseniz hangilerinin onlar oldu\u011funu kolayca anlayabilirsiniz. <\/p>\n\n\n<div class=\"wp-block-image\">\n<figure class=\"alignleft size-full is-resized\"><img loading=\"lazy\" decoding=\"async\" width=\"370\" height=\"340\" src=\"https:\/\/www.zehrataskin.com\/wp-content\/uploads\/2024\/07\/20120702_095330-1.jpg\" alt=\"\" class=\"wp-image-1869\" style=\"width:421px;height:auto\" srcset=\"https:\/\/www.zehrataskin.com\/wp-content\/uploads\/2024\/07\/20120702_095330-1.jpg 370w, https:\/\/www.zehrataskin.com\/wp-content\/uploads\/2024\/07\/20120702_095330-1-300x276.jpg 300w\" sizes=\"auto, (max-width: 370px) 100vw, 370px\" \/><figcaption class=\"wp-element-caption\">2012 y\u0131l\u0131 ESSS (European Summer School for Scientometrics), Leuven (2 Temmuz 2012)<\/figcaption><\/figure>\n<\/div>\n\n\n<p class=\"wp-block-paragraph\">2011 y\u0131l\u0131nda G\u00fcledac\u0131mla (Do\u011fan) s\u0131k\u0131 takip etti\u011fimiz mesleki listelerden birinde (SIGMETRICS) 2012&#8217;de \u00fc\u00e7\u00fcnc\u00fcs\u00fc d\u00fczenlenecek bir yaz okulunun duyurusu yay\u0131nland\u0131. Ben hen\u00fcz y\u00fcksek lisans yap\u0131yorum, G\u00fcledac\u0131m doktoraya ba\u015flam\u0131\u015f. Ben hen\u00fcz bir ya\u015f\u0131nda bir bebek b\u00fcy\u00fct\u00fcyorum, o vefat etmek \u00fczere olan kay\u0131npederi ile ilgileniyor. \u0130kimiz i\u00e7in de hi\u00e7 uygun bir zaman de\u011fil. Zaten paras\u0131 da \u00e7ok (sadece kat\u0131l\u0131m 500 Euro). Okul yaz okuluna destek vermiyor. Maa\u015flar o zaman da d\u00fc\u015f\u00fck (hen\u00fcz akademik zam da yap\u0131lmam\u0131\u015f). Ancak yaz okulunda ders verecek ki\u015filer o kadar m\u00fcthi\u015f isimler ki i\u00e7imizdeki kat\u0131l\u0131m arzusunu susturam\u0131yoruz hi\u00e7. BibExcel&#8217;i tasarlayan adamdan BibExcel dinleme \u015fans\u0131 sunuyor, <em>Scientometrics <\/em>dergisi edit\u00f6r\u00fcnden g\u00fcncel tart\u0131\u015fmalar\u0131. Sonra g\u00f6z\u00fc karart\u0131p kat\u0131lmaya karar verdik. Ancak para hala yoktu. <\/p>\n\n\n\n<p class=\"wp-block-paragraph\">Ben eski patronum (patronlar\u0131n patronu) Mehmet Bey ile g\u00f6r\u00fc\u015ft\u00fcm bize sponsor olmas\u0131 i\u00e7in. \u00d6zel sekt\u00f6rde iki bu\u00e7uk y\u0131l \u00e7al\u0131\u015ft\u0131ktan sonra akademiye ge\u00e7meye karar verip belki de y\u00fcz\u00fcst\u00fc b\u0131rakm\u0131\u015ft\u0131m ama hi\u00e7 ikiletmedi talebimizi. Sponsor oldu bize. Sonra T\u00fcrk K\u00fct\u00fcphaneciler Derne\u011fi de bir dernek olmas\u0131na ra\u011fmen ufak bir destek att\u0131. Kalan\u0131 cepten tamamlad\u0131k ve etkinli\u011fe kat\u0131ld\u0131k. Yapt\u0131k evet. Ben kuca\u011f\u0131mda bir bebek varken, G\u00fcleda kara haber beklerken nas\u0131l bir cesaretle yapt\u0131k bilmiyorum ama yapt\u0131k. Zaferimizin sembol\u00fc olarak da tesad\u00fcfen etkinli\u011fin sayfas\u0131ndaki foto\u011fraf\u0131n ba\u015frol\u00fcnde biz var\u0131z. <\/p>\n\n\n<div class=\"wp-block-image\">\n<figure class=\"aligncenter size-full is-resized\"><img loading=\"lazy\" decoding=\"async\" width=\"397\" height=\"223\" src=\"https:\/\/www.zehrataskin.com\/wp-content\/uploads\/2024\/07\/image.png\" alt=\"\" class=\"wp-image-1870\" style=\"width:534px;height:auto\" srcset=\"https:\/\/www.zehrataskin.com\/wp-content\/uploads\/2024\/07\/image.png 397w, https:\/\/www.zehrataskin.com\/wp-content\/uploads\/2024\/07\/image-300x169.png 300w\" sizes=\"auto, (max-width: 397px) 100vw, 397px\" \/><figcaption class=\"wp-element-caption\"><a href=\"https:\/\/esss.info\/about\/previous-events\/\" target=\"_blank\" rel=\"noreferrer noopener\">https:\/\/esss.info\/about\/previous-events\/<\/a> <\/figcaption><\/figure>\n<\/div>\n\n\n<p class=\"wp-block-paragraph\">Her t\u00fcrl\u00fc dok\u00fcman tipinde bir \u015feyler yay\u0131nlamaya bay\u0131l\u0131yorum. O zaman yaz okuluyla ilgili izlenimlerimizi bir okuyucu mektubu olarak <em>T\u00fcrk K\u00fct\u00fcphanecili\u011fi<\/em> dergisinde yay\u0131nlam\u0131\u015ft\u0131k: <a href=\"https:\/\/dergipark.org.tr\/tr\/download\/article-file\/811831\" target=\"_blank\" rel=\"noreferrer noopener\">Avrupa Bilimetri Yaz Okulundan \u0130zlenimler<\/a>. Program\u0131n i\u00e7eri\u011fi ile ilgili her \u015fey orada var. Orada ya\u015fad\u0131klar\u0131m\u0131z\u0131 tarihe not olarak b\u0131rakm\u0131\u015f\u0131z ve bence bunun anlam\u0131 \u00e7ok b\u00fcy\u00fck. <\/p>\n\n\n\n<p class=\"wp-block-paragraph\">M\u00fcthi\u015f bir e\u011fitimdi evet ama bir taraftan da sekiz g\u00fcnl\u00fck e\u011fitim s\u00fcreci ikimiz i\u00e7in de psikolojik bir harp idi. Babas\u0131yla Lapseki&#8217;ye tatile giden Emir ile g\u00f6r\u00fcnt\u00fcl\u00fc g\u00f6r\u00fc\u015f\u00fcrken bir anda ekran\u0131 \u00f6p\u00fcnce da\u011f\u0131l\u0131yordum. G\u00fcleda her telefon \u00e7al\u0131\u015f\u0131nda irkiliyordu. Biraz kafay\u0131 toplar\u0131z belki diye bir g\u00fcn Br\u00fcksel&#8217;e gittik. Kafam\u0131z bir milyon d\u00f6nd\u00fck. Br\u00fcksel sevmedik anl\u0131yor musun :=) Sonra Br\u00fcksel&#8217;in kafa toplamak i\u00e7in yanl\u0131\u015f tercih oldu\u011funu anlay\u0131p d\u00f6nmeye iki g\u00fcn kala Brugge&#8217;e gittik. \u00c7i\u00e7ek gibi olduk o g\u00fcn. Sonra keyfi art\u0131k yerine gelmi\u015f ben her yerde a\u015fa\u011f\u0131daki foto\u011fraf\u0131 payla\u015ft\u0131m. Foto\u011fraf\u0131 g\u00f6ren &#8220;yaz okuluna gittiler g\u00fcya, iyi geziyorlar&#8221; dedi. \u00c7\u00fcnk\u00fc biz ya\u015fad\u0131\u011f\u0131m\u0131z olumsuz duygular\u0131 de\u011fil, sadece keyifli oldu\u011fumuz an\u0131 payla\u015f\u0131yorduk. Sosyal medyan\u0131n i\u015flevi de buydu zaten. Hepimizin ne kadar \u00e7ok e\u011flendi\u011fini kan\u0131tamakt\u0131. E\u011fleniyorduk i\u015fte :=)<\/p>\n\n\n<div class=\"wp-block-image\">\n<figure class=\"alignleft size-full is-resized\"><img loading=\"lazy\" decoding=\"async\" width=\"480\" height=\"640\" src=\"https:\/\/www.zehrataskin.com\/wp-content\/uploads\/2024\/07\/20120707_153627.jpg\" alt=\"\" class=\"wp-image-1871\" style=\"width:335px;height:auto\" srcset=\"https:\/\/www.zehrataskin.com\/wp-content\/uploads\/2024\/07\/20120707_153627.jpg 480w, https:\/\/www.zehrataskin.com\/wp-content\/uploads\/2024\/07\/20120707_153627-225x300.jpg 225w\" sizes=\"auto, (max-width: 480px) 100vw, 480px\" \/><\/figure>\n<\/div>\n\n\n<p class=\"wp-block-paragraph\">Sonra otele d\u00f6nd\u00fck. Ertesi g\u00fcn e\u011fitim bitti. Bir sonraki g\u00fcn eve d\u00f6nece\u011fiz ama \u00f6n\u00fcm\u00fczde hala bir gece var. \u0130kimiz de depresyonlardan depresyon be\u011feniyoruz. Uyusak m\u0131, uyurken zaman \u00e7abuk ge\u00e7er diyoruz. Sonra &#8220;ev&#8221;dekilerle konu\u015ftuk. Hemen d\u0131\u015far\u0131 \u00e7\u0131k\u0131yorsunuz, bizim yerimize de e\u011fleniyorsunuz dediler. \u00c7\u0131kt\u0131k. \u0130yi ki de \u00e7\u0131km\u0131\u015f\u0131z. Senede bir kez olan bir festival varm\u0131\u015f ve biz o gece otelde uyumaya karar verseymi\u015fiz o festivali ka\u00e7\u0131racakm\u0131\u015f\u0131z. Ka\u00e7\u0131rmad\u0131k. Duygusal roller coaster ya\u015fad\u0131\u011f\u0131m\u0131z sekiz g\u00fcnl\u00fck etkinlik bitip eve geldi\u011fimizde hi\u00e7bir \u015fey de\u011fi\u015fmemi\u015fti. Benim anneli\u011fim azalmam\u0131\u015ft\u0131. Emir&#8217;in bana sevgisi ayn\u0131yd\u0131. Selahattin amca iyiydi. D\u00fcnya ayn\u0131 h\u0131zla d\u00f6nmeye devam ediyordu, biz hayalini kurdu\u011fumuz \u015feyi elde etmi\u015ftik. <\/p>\n\n\n\n<p class=\"wp-block-paragraph\">Asl\u0131nda bu yazd\u0131klar\u0131m\u0131 okuyanlardan baz\u0131lar\u0131n\u0131n &#8220;bu ne h\u0131rs be, el kadarc\u0131k bebelerini b\u0131rak\u0131p da nerelere gidiyorlar&#8221; diyece\u011fini biliyorum. \u0130nan\u0131n hi\u00e7 umurumda de\u011fil. \u00c7\u00fcnk\u00fc Emir benim uzvum de\u011fil. Hi\u00e7 olmad\u0131. Bunu yaz\u0131yorum \u00e7\u00fcnk\u00fc \u00e7ok kad\u0131n\u0131n bu konuda endi\u015fe i\u00e7inde oldu\u011fundan \u00f6n\u00fcne \u00e7\u0131kan f\u0131rsatlar\u0131 elinin tersiyle itti\u011fini biliyorum. Deneyim sahibi biri olarak o \u00e7ocuklar b\u00fcy\u00fcy\u00fcnce anneleriyle gurur duyuyorlar demek i\u00e7in yaz\u0131yorum. O zamanki Zehra i\u00e7in b\u00fcy\u00fck bir tercihti bu. \u015eimdi komik geliyor. Yaz okulunun \u00fcst\u00fcnden 12 y\u0131l ge\u00e7ti. B\u00f6yle bir anne olmay\u0131 tercih etti\u011fim i\u00e7in tek g\u00fcn bile pi\u015fman olmad\u0131m. Siz de olmay\u0131n. <\/p>\n\n\n\n<p class=\"wp-block-paragraph\">Neyse. Hikaye bitti san\u0131yorsan\u0131z yan\u0131l\u0131yorsunuz. Birka\u00e7 sene \u00f6nce davetli konu\u015fmac\u0131 oldu\u011fum bir toplant\u0131da 2012&#8217;de kendisinden ders ald\u0131\u011f\u0131m b\u00fcy\u00fck bir isimle kar\u015f\u0131la\u015ft\u0131m ve sohbet ettik biraz. Dedim ki 2012&#8217;de sizden ders alm\u0131\u015ft\u0131m. Bu y\u0131l benim okulumda d\u00fczenleniyor, yine gelmek ister misin dedi \u015fakayla kar\u0131\u015f\u0131k. Hoca olarak davet ediyorsan\u0131z neden olmas\u0131n dedim. G\u00fcld\u00fck. O g\u00fcn kendisinden e\u011fitim ald\u0131\u011f\u0131m pek \u00e7ok ki\u015fiyle birlikte \u00e7al\u0131\u015f\u0131yorum \u015fimdi. Tek bir yaz okulunun etkisi de\u011fil t\u00fcm bunlar tabi ama ba\u015flang\u0131\u00e7 noktas\u0131 oldu\u011funu s\u00f6ylemek de hi\u00e7 yanl\u0131\u015f de\u011fil. <\/p>\n\n\n\n<p class=\"wp-block-paragraph\">T\u00fcm bunlar\u0131 pek \u00e7ok sebepten yazd\u0131m. Hi\u00e7birimizin hayat\u0131 sosyal medyada sundu\u011fumuz kadar de\u011fil. Hi\u00e7birimiz \u00f6yle sundu\u011fumuz kadar ba\u015far\u0131l\u0131 insanlar de\u011filiz. Hepimizin kayg\u0131lar\u0131, ba\u015far\u0131s\u0131zl\u0131klar\u0131, \u00f6ncelikleri, depresyonlar\u0131 var. Ya\u015fad\u0131klar\u0131n\u0131z\u0131 hi\u00e7 bilmeyen\/bilmek istemeyenler her t\u00fcrl\u00fc ba\u015far\u0131l\u0131 ad\u0131m\u0131n\u0131za &#8220;tabi senin a\u011f\u0131n geni\u015f oldu\u011fu i\u00e7in&#8221; veya &#8220;alanda \u00e7ok ki\u015fiyi tan\u0131d\u0131\u011f\u0131n i\u00e7in&#8221; diyor. Networking de bir t\u00fcr nepotizmdir diyor. T\u00fcrkiye&#8217;de g\u00f6rev yapan bir gen\u00e7 ara\u015ft\u0131rmac\u0131n\u0131n o a\u011flara kat\u0131lmas\u0131 i\u00e7in neler yapmas\u0131 gerekti\u011fini bilmiyor. Belki de biliyor da \u00f6nemsemiyor. \u00d6b\u00fcr tarafta kimse olumsuz an\u0131lar\u0131n\u0131 anlatmad\u0131\u011f\u0131 i\u00e7in olumsuz deneyim ya\u015fayanlar bir k\u00f6\u015feye \u00e7ekiliyor. I\u015f\u0131\u011f\u0131n\u0131 sakl\u0131yor. Kimselere g\u00f6steremiyor. <\/p>\n\n\n\n<p class=\"wp-block-paragraph\">Neyse. Birlikte depresyonlardan depresyon be\u011fenirken birka\u00e7 saat sonra basit bir kelime oyununa f\u0131k\u0131r f\u0131k\u0131r g\u00fcld\u00fc\u011f\u00fcn\u00fcz G\u00fcledalar\u0131n\u0131za sahip \u00e7\u0131k\u0131n. Gerisi gelir. XOXO.<\/p>\n","protected":false},"excerpt":{"rendered":"<p>Hi\u00e7 takvimimde olmayan, yazman\u0131n akl\u0131m\u0131n ucundan bile ge\u00e7medi\u011fi bir blog yazmaya karar verdim be\u015f dakika \u00f6nce. Windows&#8217;un Eski Foto\u011fraflar uygulamas\u0131ndan tarihte bug\u00fcn sekmesine bakmaya bay\u0131l\u0131yorum.&#8230;<\/p>\n<div class=\"more-link-wrapper\"><a class=\"more-link\" href=\"https:\/\/www.zehrataskin.com\/index.php\/2024\/07\/02\/gecmise-fotograflardan-bakmak\/\">Devam\u0131n\u0131 okuyun<span class=\"screen-reader-text\">Ge\u00e7mi\u015fe foto\u011fraflardan bakmak<\/span><\/a><\/div>\n","protected":false},"author":1,"featured_media":0,"comment_status":"open","ping_status":"open","sticky":false,"template":"","format":"standard","meta":{"_jetpack_newsletter_access":"","_jetpack_dont_email_post_to_subs":false,"_jetpack_newsletter_tier_id":0,"_jetpack_memberships_contains_paywalled_content":false,"_jetpack_feature_clip_id":0,"_jetpack_memberships_contains_paid_content":false,"footnotes":"","jetpack_post_was_ever_published":false},"categories":[1],"tags":[],"class_list":["post-1867","post","type-post","status-publish","format-standard","hentry","category-genel","entry"],"jetpack_sharing_enabled":true,"jetpack_featured_media_url":"","_links":{"self":[{"href":"https:\/\/www.zehrataskin.com\/index.php\/wp-json\/wp\/v2\/posts\/1867","targetHints":{"allow":["GET"]}}],"collection":[{"href":"https:\/\/www.zehrataskin.com\/index.php\/wp-json\/wp\/v2\/posts"}],"about":[{"href":"https:\/\/www.zehrataskin.com\/index.php\/wp-json\/wp\/v2\/types\/post"}],"author":[{"embeddable":true,"href":"https:\/\/www.zehrataskin.com\/index.php\/wp-json\/wp\/v2\/users\/1"}],"replies":[{"embeddable":true,"href":"https:\/\/www.zehrataskin.com\/index.php\/wp-json\/wp\/v2\/comments?post=1867"}],"version-history":[{"count":1,"href":"https:\/\/www.zehrataskin.com\/index.php\/wp-json\/wp\/v2\/posts\/1867\/revisions"}],"predecessor-version":[{"id":1872,"href":"https:\/\/www.zehrataskin.com\/index.php\/wp-json\/wp\/v2\/posts\/1867\/revisions\/1872"}],"wp:attachment":[{"href":"https:\/\/www.zehrataskin.com\/index.php\/wp-json\/wp\/v2\/media?parent=1867"}],"wp:term":[{"taxonomy":"category","embeddable":true,"href":"https:\/\/www.zehrataskin.com\/index.php\/wp-json\/wp\/v2\/categories?post=1867"},{"taxonomy":"post_tag","embeddable":true,"href":"https:\/\/www.zehrataskin.com\/index.php\/wp-json\/wp\/v2\/tags?post=1867"}],"curies":[{"name":"wp","href":"https:\/\/api.w.org\/{rel}","templated":true}]}}