{"id":2121,"date":"2025-04-15T22:33:35","date_gmt":"2025-04-15T19:33:35","guid":{"rendered":"https:\/\/www.zehrataskin.com\/?p=2121"},"modified":"2025-04-15T22:33:37","modified_gmt":"2025-04-15T19:33:37","slug":"bu-okul-sana-acidigi-icin-sen-hala-bu-okuldasin-sokakta-kalma-diye-biliyorsun-degil-mi","status":"publish","type":"post","link":"https:\/\/www.zehrataskin.com\/index.php\/2025\/04\/15\/bu-okul-sana-acidigi-icin-sen-hala-bu-okuldasin-sokakta-kalma-diye-biliyorsun-degil-mi\/","title":{"rendered":"&#8220;Bu okul sana ac\u0131d\u0131\u011f\u0131 i\u00e7in sen h\u00e2l\u00e2 bu okuldas\u0131n, sokakta kalma diye. Biliyorsun de\u011fil mi?&#8221;"},"content":{"rendered":"\n<p class=\"wp-block-paragraph\">Yaz\u0131ya ba\u015fl\u0131k olarak bu i\u011fren\u00e7 al\u0131nt\u0131y\u0131 se\u00e7mek istemezdim. Yine de blogumda bu ba\u015fl\u0131kla kals\u0131n ve her g\u00f6rd\u00fc\u011f\u00fcmde bu c\u00fcmleyi hep hat\u0131rlayay\u0131m diye att\u0131m. Ki\u015fisel bir blog mu olacak, toplumsal m\u0131, akademik mi bilmiyorum. Elimde telefon oturuyordum demin. Bir video g\u00f6rd\u00fcm bir haber hesab\u0131nda. Video etiketi bu yaz\u0131n\u0131n ba\u015fl\u0131\u011f\u0131. Bir &#8220;y\u00f6netici&#8221; hayat\u0131n\u0131n daha ba\u015f\u0131ndaki bir gence bunu s\u00f6yl\u00fcyor hi\u00e7 utanmadan. Bir lise \u00f6\u011frencisine. Anayasal hakk\u0131n\u0131 bilen bir gence. Hakk\u0131n\u0131 savunmam i\u00e7in ba\u015far\u0131l\u0131 olmas\u0131na zaten gerek olmayan ama ba\u015far\u0131l\u0131 oldu\u011funu daha k\u00fc\u00e7\u00fck ya\u015f\u0131nda kan\u0131tlam\u0131\u015f bir gence. 14 ya\u015f\u0131nda LGS&#8217;ye haz\u0131rlanan bir gencin annesiyim ve iliklerime kadar titretti beni bu s\u00f6z. <\/p>\n\n\n\n<p class=\"wp-block-paragraph\"><strong>2020 model<\/strong> <strong>LGS?<\/strong><\/p>\n\n\n\n<p class=\"wp-block-paragraph\">Ortaokuldan \u00e7ok y\u00fcksek ortalama ile mezun olmu\u015ftum. Anadolu lisesi s\u0131nav\u0131nda tercih a\u015famas\u0131nda kayd\u0131rma yapt\u0131\u011f\u0131m i\u00e7in g\u0131da ve a\u011f\u0131rlama meslek lisesi kazand\u0131m. O zamanlar tercihler s\u0131navdan \u00f6nce yap\u0131l\u0131yordu ve ben ayn\u0131 okulun anadolu lisesi taraf\u0131n\u0131 yazaca\u011f\u0131m derken meslek lisesini kodlam\u0131\u015ft\u0131m en \u00fcst tercihlerden birine. Dedim neyse. En az\u0131ndan s\u00fcper liseler var. 4.95 ortalamayla en iyi s\u00fcper liseye giderim. Gidemedim. \u00c7\u00fcnk\u00fc kay\u0131tlar\u0131 ka\u00e7\u0131rd\u0131k memleketteyken. Zaten bir y\u0131l haz\u0131rl\u0131k gerekli mi ger\u00e7ekten diye tart\u0131\u015f\u0131yordu herkes. D\u00fcz liseler de gayet iyiydi. K\u00f6kl\u00fcyd\u00fc. Evin yak\u0131n\u0131ndayd\u0131 hem. Onlardan birine, Ke\u00e7i\u00f6ren&#8217;deki \u0130ncirli Lisesine gittim. D\u00fcmd\u00fcz liseye. <\/p>\n\n\n\n<p class=\"wp-block-paragraph\">Bunu niye yaz\u0131yorum biliyor musunuz? Ben d\u00f6rt \u00e7ocuklu memur bir baba ile \u00f6rg\u00fc \u00f6r\u00fcp satan bir annenin ikinci \u00e7ocu\u011fu olarak e\u011fitimim i\u00e7in neredeyse hi\u00e7 endi\u015fe etmedim. Sa\u00e7masapan kayd\u0131rma da yapt\u0131m. S\u00fcper lise kayd\u0131n\u0131 da ka\u00e7\u0131rd\u0131m. Tam da bir ergenden beklenebilecek \u00f6l\u00e7\u00fcde s\u00fclalem raadd\u0131 anl\u0131yor musun :=)<\/p>\n\n\n\n<p class=\"wp-block-paragraph\">\u015eaka bir tarafa zengin \u00e7ocu\u011fu de\u011fildim. Orta s\u0131n\u0131f bile de\u011fildim. Ger\u00e7ekten de\u011fildim. Sadece bir an \u00f6nce okuma i\u015flerini bitirip \u00e7al\u0131\u015fmam gerekti\u011fini biliyordum ama gelecek kayg\u0131m yoktu. O\u011flumun var. O okul bah\u00e7esinde oturan \u00e7ocu\u011fun var. O y\u00fczden oturuyor zaten orada. Bu bizim zaman\u0131m\u0131zda her \u015fey \u00e7ok iyiydi yi\u011fenim demek de\u011fil. O zaman da hi\u00e7bir \u015fey iyi de\u011fildi, \u015fimdi de de\u011fil. Ancak ben 14 ya\u015f\u0131ndayken o iyi olmayan \u015feyleri g\u00f6rm\u00fcyordum hi\u00e7. Bana yans\u0131m\u0131yordu. Okul bah\u00e7esinde oturup hakk\u0131m\u0131 savunmam\u0131 gerektirecek sorun g\u00f6rd\u00fc\u011f\u00fcm\u00fcz her \u015fey s\u0131n\u0131f arkada\u015f\u0131m Hediye&#8217;nin k\u00fcrs\u00fcde s\u00f6yledi\u011fi \u015fark\u0131larla sonu\u00e7lan\u0131yordu. Deli danalar gibi e\u011fleniyorduk. D\u00fcz liseydik zaten. Kimsenin bizden pek de bir \u00fcmidi yoktu. <\/p>\n\n\n\n<p class=\"wp-block-paragraph\">\u015eu a\u015fa\u011f\u0131da g\u00f6rd\u00fc\u011f\u00fcn\u00fcz Ankara&#8217;da yer alan liselerin ge\u00e7en seneki s\u0131nav sonu\u00e7lar\u0131. Bu gen\u00e7lerin az\u0131c\u0131k \u015fansl\u0131lar\u0131 daha ortaokuldayken 7402359 deneme \u00e7\u00f6z\u00fcyor ya\u015f\u0131tlar\u0131yla birlikte girecekleri s\u0131navda ilk %3&#8217;l\u00fck dilimde olabilmek i\u00e7in. Kayg\u0131 duyuyorlar. Sivilceleri birken yirmibir oluyor. \u015eu durumda ba\u015far\u0131 veya ba\u015far\u0131s\u0131zl\u0131k de\u011fil sonu\u00e7. Ancak daha hayatlar\u0131n\u0131n ondord\u00fcnc\u00fc y\u0131l\u0131nda ilk ba\u015far\u0131s\u0131zl\u0131klar\u0131yla tan\u0131\u015f\u0131yor \u00e7o\u011fu. \u00c7\u00fcnk\u00fc okul say\u0131s\u0131 az. \u00c7\u00fcnk\u00fc alternatif yok. \u00c7\u00fcnk\u00fc \u00f6zel bir okulun m\u00fc\u015fterisi olmak veya k\u00f6t\u00fc e\u011fitim sistemi i\u00e7inde yok olmak istemiyorlarsa ya\u015f\u0131tlar\u0131yla devasa bir yar\u0131\u015fa giriyorlar ve bu yar\u0131\u015fta \u00e7ok az\u0131 istedi\u011fi konuma gelebiliyor. Bug\u00fcn tehdit edilen \u00e7ocuk onlardan biri. &#8220;Politikay\u0131 b\u0131rak\u0131n, ders \u00e7al\u0131\u015f\u0131n&#8221; dedikleri \u00e7ocuklar aras\u0131nda ger\u00e7ekten \u00e7ok ders \u00e7al\u0131\u015fanlardan biri. \u00c7ok ders \u00e7al\u0131\u015ft\u0131\u011f\u0131 i\u00e7in muhtemelen T\u00fcrkiye&#8217;de ilk %1&#8217;lik dilime giren biri. <\/p>\n\n\n\n<p class=\"wp-block-paragraph\">Az\u0131c\u0131k \u015fansl\u0131lar hari\u00e7 di\u011ferleri var bir de. Yeni nesil soru nedir bilmeyenler, o 2473459 soruyla tan\u0131\u015facak kitab\u0131 olmayanlar da. Ba\u015ftan kaybedilmi\u015f bir sava\u015f onlar\u0131nki. Onlar\u0131 hi\u00e7 g\u00f6rm\u00fcyoruz bile. \u00c7\u00fcnk\u00fc sistem onlar\u0131 ba\u015ftan eliyor art\u0131k. <\/p>\n\n\n<div class=\"wp-block-image\">\n<figure class=\"aligncenter size-large\"><img loading=\"lazy\" decoding=\"async\" width=\"1024\" height=\"578\" src=\"https:\/\/www.zehrataskin.com\/wp-content\/uploads\/2025\/04\/image-4-1024x578.png\" alt=\"\" class=\"wp-image-2122\" srcset=\"https:\/\/www.zehrataskin.com\/wp-content\/uploads\/2025\/04\/image-4-1024x578.png 1024w, https:\/\/www.zehrataskin.com\/wp-content\/uploads\/2025\/04\/image-4-300x169.png 300w, https:\/\/www.zehrataskin.com\/wp-content\/uploads\/2025\/04\/image-4-768x433.png 768w, https:\/\/www.zehrataskin.com\/wp-content\/uploads\/2025\/04\/image-4-1536x866.png 1536w, https:\/\/www.zehrataskin.com\/wp-content\/uploads\/2025\/04\/image-4-2048x1155.png 2048w\" sizes=\"auto, (max-width: 1024px) 100vw, 1024px\" \/><figcaption class=\"wp-element-caption\"><a href=\"https:\/\/www.ders.bilimsenligi.com\/ankara-liseleri-taban-puanlari\/\">https:\/\/www.ders.bilimsenligi.com\/ankara-liseleri-taban-puanlari\/<\/a><\/figcaption><\/figure>\n<\/div>\n\n\n<p class=\"wp-block-paragraph\">\u0130ki g\u00fcnd\u00fcr gelecekleri i\u00e7in endi\u015felenen gen\u00e7leri izleyip izleyip a\u011fl\u0131yorum ama bug\u00fcn \u015fu ba\u015fl\u0131ktaki i\u011fren\u00e7 s\u00f6z ruh halimi anne romantizminden \u00f6fkeye \u00e7evirdi. \u00c7\u00fcnk\u00fc ben bunu biliyorum. Ben b\u00f6yle bir s\u00f6z\u00fc duyan insan\u0131n neye d\u00f6n\u00fc\u015febilece\u011fini biliyorum. Hi\u00e7bir gen\u00e7 \u00f6yle hissettirilmemeli. Hissetmemeleri i\u00e7in yazmak istedim bunu. Bizim neslin b\u00fcy\u00fck bir b\u00f6l\u00fcm\u00fc heba oldu bu y\u00fczden. Onlar olmas\u0131n. <\/p>\n\n\n\n<p class=\"wp-block-paragraph\"><strong>Kendi yetersizliklerini sizi yetersiz hissettirerek gizlemeye \u00e7al\u0131\u015fanlar\u0131n<\/strong> <strong>g\u00fcc\u00fc<\/strong><\/p>\n\n\n\n<p class=\"wp-block-paragraph\">Son birka\u00e7 seneye kadar hep yetersiz hissettim kendimi. Yapt\u0131\u011f\u0131m hi\u00e7bir \u015fey yetmiyordu istedi\u011fim noktaya gelmeme. Benden bir tane daha olsa yeterdi. Belki hi\u00e7 hata yapmayan k\u0131z olurdum \u00f6yle olsa. A\u015fa\u011f\u0131daki \u00e7ocuk kitaplar\u0131n\u0131 ge\u00e7en hafta bayram tatilinde ailemizin \u00e7ok yetenekli k\u0131v\u0131rc\u0131k psikolo\u011fu hediye etti. Zehra abla bu eski sensin ve bu kitaplar sende durmal\u0131 diyerek. Art\u0131k hata yap\u0131p yapmamak umurumda de\u011fil ve benden bir tane daha olmas\u0131n\u0131 gerektirecek pek bir \u015feye girmemeye \u00e7al\u0131\u015f\u0131yorum. Ancak \u00e7ok de\u011fil daha birka\u00e7 sene \u00f6ncesine kadar neden b\u00f6yle hissetti\u011fimi biliyorum art\u0131k. \u00c7\u00fcnk\u00fc bu \u00fclkede &#8220;bu okul sana ac\u0131d\u0131\u011f\u0131 i\u00e7in sen h\u00e2l\u00e2 bu okuldas\u0131n, sokakta kalma diye. Biliyorsun de\u011fil mi?&#8221; benzeri i\u011fren\u00e7 s\u00f6zlerin duyuldu\u011fu tek yer lise bah\u00e7eleri de\u011fil. <\/p>\n\n\n\n<figure class=\"wp-block-image size-large\"><img loading=\"lazy\" decoding=\"async\" width=\"1024\" height=\"584\" src=\"https:\/\/www.zehrataskin.com\/wp-content\/uploads\/2025\/04\/WhatsApp-Gorsel-2025-04-15-saat-21.31.57_8444ab40-1024x584.jpg\" alt=\"\" class=\"wp-image-2123\" srcset=\"https:\/\/www.zehrataskin.com\/wp-content\/uploads\/2025\/04\/WhatsApp-Gorsel-2025-04-15-saat-21.31.57_8444ab40-1024x584.jpg 1024w, https:\/\/www.zehrataskin.com\/wp-content\/uploads\/2025\/04\/WhatsApp-Gorsel-2025-04-15-saat-21.31.57_8444ab40-300x171.jpg 300w, https:\/\/www.zehrataskin.com\/wp-content\/uploads\/2025\/04\/WhatsApp-Gorsel-2025-04-15-saat-21.31.57_8444ab40-768x438.jpg 768w, https:\/\/www.zehrataskin.com\/wp-content\/uploads\/2025\/04\/WhatsApp-Gorsel-2025-04-15-saat-21.31.57_8444ab40-1536x876.jpg 1536w, https:\/\/www.zehrataskin.com\/wp-content\/uploads\/2025\/04\/WhatsApp-Gorsel-2025-04-15-saat-21.31.57_8444ab40.jpg 1600w\" sizes=\"auto, (max-width: 1024px) 100vw, 1024px\" \/><\/figure>\n\n\n\n<p class=\"wp-block-paragraph\">Bu araya bir s\u00fcr\u00fc ba\u015fka \u00f6rnek yazm\u0131\u015ft\u0131m, akademiden, i\u015f hayat\u0131ndan, oradan buradan. Sildim. Bu &#8216;onlar&#8217;\u0131n zehrine adad\u0131\u011f\u0131m bir yaz\u0131 de\u011fil \u00e7\u00fcnk\u00fc. &#8216;Onlar&#8217; bir yere gelmek i\u00e7in kendi t\u0131rnaklar\u0131ndan ba\u015fka hi\u00e7bir \u015feye ihtiya\u00e7 duymam\u0131\u015f insanlardan nefret eden ac\u0131nas\u0131 bir grup. Kendi yetersizliklerinin fark\u0131ndalar. Bu fark\u0131ndal\u0131kla \u00e7elme tak\u0131yorlar g\u00fclerek. Zorbal\u0131yorlar. Her yapt\u0131klar\u0131na bahane buluyorlar sonra. Yine ma\u011fdur oluyorlar. Aba alt\u0131ndan sopa g\u00f6sterip tehdit ediyor, sonra yine sizi yetersiz hissettiriyorlar. G\u00fc\u00e7lerini bundan al\u0131yorlar. <\/p>\n\n\n\n<p class=\"wp-block-paragraph\">Sizden bir tane daha yok canlar\u0131m. Bu yaz\u0131 da sizin i\u00e7in. Onlar i\u00e7in de\u011fil. Tekli\u011finizin k\u0131ymetini bilin. Onun g\u00fcc\u00fcnden korkaca\u011f\u0131n\u0131z \u00fcmidiyle size k\u00f6t\u00fc\/eksik\/yamuk hissettirmeye \u00e7al\u0131\u015fanlara inat, tekli\u011finizin fark\u0131ndal\u0131\u011f\u0131yla duda\u011f\u0131n kenar\u0131n\u0131 hafif k\u0131v\u0131rarak m\u00fcstehzi bir g\u00fcl\u00fcmseme g\u00f6nderin evrene. Evren mesaj\u0131n\u0131z\u0131 almasa da karn\u0131 doymu\u015f olur. <\/p>\n\n\n\n<p class=\"wp-block-paragraph\">Bu i\u011fren\u00e7 s\u00f6ze maruz kalan gen\u00e7 ba\u015fta olmak \u00fczere, kendi ergenim de dahil, hepsiyle gurur duyuyorum. Benim gurur duymama zerre ihtiya\u00e7lar\u0131 olmad\u0131\u011f\u0131n\u0131 da biliyorum. Ayaklar\u0131na ta\u015f, g\u00f6zlerine ya\u015f de\u011fmesin. XOXO.<\/p>\n","protected":false},"excerpt":{"rendered":"<p>Yaz\u0131ya ba\u015fl\u0131k olarak bu i\u011fren\u00e7 al\u0131nt\u0131y\u0131 se\u00e7mek istemezdim. Yine de blogumda bu ba\u015fl\u0131kla kals\u0131n ve her g\u00f6rd\u00fc\u011f\u00fcmde bu c\u00fcmleyi hep hat\u0131rlayay\u0131m diye att\u0131m. Ki\u015fisel bir&#8230;<\/p>\n<div class=\"more-link-wrapper\"><a class=\"more-link\" href=\"https:\/\/www.zehrataskin.com\/index.php\/2025\/04\/15\/bu-okul-sana-acidigi-icin-sen-hala-bu-okuldasin-sokakta-kalma-diye-biliyorsun-degil-mi\/\">Devam\u0131n\u0131 okuyun<span class=\"screen-reader-text\">&#8220;Bu okul sana ac\u0131d\u0131\u011f\u0131 i\u00e7in sen h\u00e2l\u00e2 bu okuldas\u0131n, sokakta kalma diye. Biliyorsun de\u011fil mi?&#8221;<\/span><\/a><\/div>\n","protected":false},"author":1,"featured_media":0,"comment_status":"open","ping_status":"open","sticky":false,"template":"","format":"standard","meta":{"_jetpack_newsletter_access":"","_jetpack_dont_email_post_to_subs":false,"_jetpack_newsletter_tier_id":0,"_jetpack_memberships_contains_paywalled_content":false,"_jetpack_feature_clip_id":0,"_jetpack_memberships_contains_paid_content":false,"footnotes":"","jetpack_post_was_ever_published":false},"categories":[1],"tags":[],"class_list":["post-2121","post","type-post","status-publish","format-standard","hentry","category-genel","entry"],"jetpack_sharing_enabled":true,"jetpack_featured_media_url":"","_links":{"self":[{"href":"https:\/\/www.zehrataskin.com\/index.php\/wp-json\/wp\/v2\/posts\/2121","targetHints":{"allow":["GET"]}}],"collection":[{"href":"https:\/\/www.zehrataskin.com\/index.php\/wp-json\/wp\/v2\/posts"}],"about":[{"href":"https:\/\/www.zehrataskin.com\/index.php\/wp-json\/wp\/v2\/types\/post"}],"author":[{"embeddable":true,"href":"https:\/\/www.zehrataskin.com\/index.php\/wp-json\/wp\/v2\/users\/1"}],"replies":[{"embeddable":true,"href":"https:\/\/www.zehrataskin.com\/index.php\/wp-json\/wp\/v2\/comments?post=2121"}],"version-history":[{"count":10,"href":"https:\/\/www.zehrataskin.com\/index.php\/wp-json\/wp\/v2\/posts\/2121\/revisions"}],"predecessor-version":[{"id":2133,"href":"https:\/\/www.zehrataskin.com\/index.php\/wp-json\/wp\/v2\/posts\/2121\/revisions\/2133"}],"wp:attachment":[{"href":"https:\/\/www.zehrataskin.com\/index.php\/wp-json\/wp\/v2\/media?parent=2121"}],"wp:term":[{"taxonomy":"category","embeddable":true,"href":"https:\/\/www.zehrataskin.com\/index.php\/wp-json\/wp\/v2\/categories?post=2121"},{"taxonomy":"post_tag","embeddable":true,"href":"https:\/\/www.zehrataskin.com\/index.php\/wp-json\/wp\/v2\/tags?post=2121"}],"curies":[{"name":"wp","href":"https:\/\/api.w.org\/{rel}","templated":true}]}}