{"id":2187,"date":"2025-06-20T11:16:53","date_gmt":"2025-06-20T08:16:53","guid":{"rendered":"https:\/\/www.zehrataskin.com\/?p=2187"},"modified":"2025-06-20T11:21:21","modified_gmt":"2025-06-20T08:21:21","slug":"davranis-kaliplarinin-yeniden-uretimi-ve-redd-i-miras","status":"publish","type":"post","link":"https:\/\/www.zehrataskin.com\/index.php\/2025\/06\/20\/davranis-kaliplarinin-yeniden-uretimi-ve-redd-i-miras\/","title":{"rendered":"Davran\u0131\u015f kal\u0131plar\u0131n\u0131n yeniden \u00fcretimi ve redd-i miras"},"content":{"rendered":"\n<p class=\"wp-block-paragraph\">\u201cBen \u00f6yle yapmayaca\u011f\u0131m.\u201d<br>\u201cB\u00f6yle hocal\u0131k m\u0131 olur?\u201d<br>\u201cBu sistem de\u011fi\u015fmeli.\u201d<\/p>\n\n\n\n<p class=\"wp-block-paragraph\">Akademiye ilk ad\u0131m\u0131 atan bir\u00e7ok ki\u015fi, i\u00e7inde bulundu\u011fu d\u00fczenin adaletsizliklerine, e\u015fitsizliklerine, hiyerar\u015fisine kar\u015f\u0131 bir mesafe koyar. Bu mesafe, zamanla bir ele\u015ftiriye, sonra &#8216;belki&#8217; bir m\u00fccadeleye d\u00f6n\u00fc\u015f\u00fcr. Ancak ne zaman ki bu ki\u015filer sistemin bir par\u00e7as\u0131 olur, k\u00fcrs\u00fcye \u00e7\u0131kar, j\u00fcriye oturur, dan\u0131\u015fman olur, proje yazar\u2026 i\u015fte o zaman reddettiklerini fark etmeden yeniden \u00fcretmeye ba\u015flar. Yani yukar\u0131 \u00e7\u0131kan merdiveni atar. \u00c7ay servisi yapt\u0131r\u0131r, \u00f6\u011frenciye\/ast\u0131na tepeden bakar, hiyerar\u015fideki yerini her daim hat\u0131rlat\u0131r. Unvan\u0131 hayat\u0131 olur, ad\u0131n\u0131n bir k\u0131ymeti kalmaz.<\/p>\n\n\n\n<p class=\"wp-block-paragraph\">Bu yaz\u0131da tam da bu paradokstan s\u00f6z edece\u011fim: redd-i miras\u0131n zorlu\u011fundan.<\/p>\n\n\n\n<p class=\"wp-block-paragraph\"><strong>Miras nedir?<br><\/strong>Buradaki miras, yaln\u0131zca bir akademik gelene\u011fi veya bilimsel yakla\u015f\u0131mlar\u0131 de\u011fil, ayn\u0131 zamanda bir davran\u0131\u015f bi\u00e7imini, bir dili, bir g\u00f6rme ve de\u011ferlendirme \u015feklini ifade ediyor. Akademideki miras sadece bilgi \u00fcretme bi\u00e7imleriyle de\u011fil, bu bilginin nas\u0131l aktar\u0131ld\u0131\u011f\u0131yla, kimin konu\u015fabildi\u011fiyle, kimin susturuldu\u011fuyla da ilgili. Bu y\u00f6n\u00fcyle, miras dedi\u011fimiz \u015fey \u00e7o\u011fu zaman fark\u0131nda bile olmadan i\u00e7selle\u015ftirdi\u011fimiz, tekrar etti\u011fimiz bir d\u00fczen anlam\u0131na geliyor.<\/p>\n\n\n\n<p class=\"wp-block-paragraph\">Miras\u0131 reddetmekse zor. Zira atalar\u0131n\u0131z size y\u00fckl\u00fc bir bor\u00e7 b\u0131rakmad\u0131\u011f\u0131 s\u00fcrece size kalan miras\u0131 reddetmek nas\u0131l ak\u0131l kar\u0131 de\u011filse, &#8220;kurulu d\u00fczenimiz var yi\u011fenim&#8221; anlay\u0131\u015f\u0131n\u0131 y\u0131kmak da kolay de\u011fil. &#8220;Ben \u00e7ektim, \u015fimdi \u00e7ektirece\u011fim&#8221; \u00e7ok cazip. Ezme s\u0131ras\u0131n\u0131n kendisine gelmesini beklemek de \u00f6yle.<\/p>\n\n\n\n<p class=\"wp-block-paragraph\">Bourdieu\u2019n\u00fcn habitus kavram\u0131 tam da burada devreye giriyor. Bize ait sand\u0131\u011f\u0131m\u0131z bir\u00e7ok karar, asl\u0131nda i\u00e7inde yeti\u015fti\u011fimiz alan\u0131n, s\u0131n\u0131f\u0131n, kurumun kodlar\u0131yla \u015fekilleniyor. Akademi yaln\u0131zca \u00f6\u011freten bir yer de\u011fil, ayn\u0131 zamanda \u00e7ok g\u00fc\u00e7l\u00fc bi\u00e7imde yeniden \u00fcreten bir alan. Burada ge\u00e7enlerde Praksis&#8217;te (67) okudu\u011fum Muammer Kaymak Hoca&#8217;n\u0131n Akademik Kapitalizm: \u00dcniversitede Sermayenin Ger\u00e7ek Boyunduru\u011fu makalesinden bir al\u0131nt\u0131 yapay\u0131m: <\/p>\n\n\n\n<blockquote class=\"wp-block-quote is-layout-flow wp-block-quote-is-layout-flow\">\n<p class=\"wp-block-paragraph\"><em>Geleneksel \u00fcniversite de kapitalist formasyonun bir par\u00e7as\u0131d\u0131r. Elitist ve tutucu olmas\u0131n\u0131n yan\u0131 s\u0131ra ezici \u00e7o\u011funlu\u011fu erkeklerden olu\u015fan patriyarkal bir kurumdur. <\/em><\/p>\n<\/blockquote>\n\n\n\n<p class=\"wp-block-paragraph\">Yani &#8220;nerede o eski akademiler yi\u011fenim&#8221;ler \u00e7ok da do\u011fru de\u011fil. Akademi hep b\u00f6yle bir yerdi. Hala b\u00f6yle bir yer. Kal\u0131rsa 100 y\u0131l sonra da b\u00f6yle bir yer olacak. <\/p>\n\n\n\n<p class=\"wp-block-paragraph\"><strong>Ger\u00e7ek bir redd-i miras m\u00fcmk\u00fcn m\u00fc?<br><\/strong>Bu noktada benim s\u00f6ylemeye \u00e7al\u0131\u015ft\u0131\u011f\u0131m redd-i miras yaln\u0131zca ideolojik ya da s\u00f6ylemsel bir duru\u015f de\u011fil. Ayn\u0131 zamanda davran\u0131\u015fsal bir kopu\u015f. Sadece \u201cbu b\u00f6yle olmamal\u0131\u201d demek de\u011fil de \u201cben b\u00f6yle davranmayaca\u011f\u0131m\u201d diyebilmek, ama bunu eyleme de ge\u00e7irebilmek gibi. Elbette bu karar\u0131n da bir bedeli var. \u00c7\u00fcnk\u00fc sistem her daim kendi i\u00e7 tutarl\u0131l\u0131\u011f\u0131n\u0131 korumak \u00fczere davran\u0131\u015flar\u0131 hizaya \u00e7ekiyor. D\u0131\u015f\u0131na \u00e7\u0131kanlar\u0131 ya g\u00f6r\u00fcnmez k\u0131l\u0131yor ya da zamanla ehlile\u015ftiriyor.<\/p>\n\n\n\n<p class=\"wp-block-paragraph\">Ger\u00e7ek bir redd-i miras i\u00e7in \u00f6nce kendimizi tekrar eden yap\u0131lar i\u00e7inde tan\u0131mam\u0131z gerek. Otoriteyi taklit etmeden nas\u0131l yol g\u00f6sterilir? Sessizlik k\u00fclt\u00fcr\u00fcn\u00fc s\u00fcrd\u00fcrmeden nas\u0131l dayan\u0131\u015fma kurulabilir? Bilgiyle tahakk\u00fcm kurmadan nas\u0131l birlikte \u00f6\u011frenilir?<\/p>\n\n\n\n<p class=\"wp-block-paragraph\">Akademide de\u011fi\u015fim sadece yeni ku\u015faklarla de\u011fil, yeni kal\u0131plarla m\u00fcmk\u00fcn. Ayn\u0131 davran\u0131\u015f bi\u00e7imlerini s\u00fcrd\u00fcrerek, sadece yeni isimlerle yeni kadrolar olu\u015fturarak d\u00f6n\u00fc\u015f\u00fcm sa\u011flanamaz. Miras\u0131 reddetmek, onu tan\u0131makla, y\u00fczle\u015fmekle, onun yerine ne koyaca\u011f\u0131m\u0131z\u0131 d\u00fc\u015f\u00fcnmekle ba\u015flar. Aksi halde, reddetti\u011fimizi sand\u0131\u011f\u0131m\u0131z her \u015feyi bir g\u00fcn ba\u015fka birinin g\u00f6z\u00fcnden yeniden g\u00f6r\u00fcr\u00fcz: \u201cSen de ayn\u0131s\u0131n\u0131 yap\u0131yorsun.&#8221; XOXO.<\/p>\n","protected":false},"excerpt":{"rendered":"<p>\u201cBen \u00f6yle yapmayaca\u011f\u0131m.\u201d\u201cB\u00f6yle hocal\u0131k m\u0131 olur?\u201d\u201cBu sistem de\u011fi\u015fmeli.\u201d Akademiye ilk ad\u0131m\u0131 atan bir\u00e7ok ki\u015fi, i\u00e7inde bulundu\u011fu d\u00fczenin adaletsizliklerine, e\u015fitsizliklerine, hiyerar\u015fisine kar\u015f\u0131 bir mesafe koyar. Bu&#8230;<\/p>\n<div class=\"more-link-wrapper\"><a class=\"more-link\" href=\"https:\/\/www.zehrataskin.com\/index.php\/2025\/06\/20\/davranis-kaliplarinin-yeniden-uretimi-ve-redd-i-miras\/\">Devam\u0131n\u0131 okuyun<span class=\"screen-reader-text\">Davran\u0131\u015f kal\u0131plar\u0131n\u0131n yeniden \u00fcretimi ve redd-i miras<\/span><\/a><\/div>\n","protected":false},"author":1,"featured_media":0,"comment_status":"open","ping_status":"open","sticky":false,"template":"","format":"standard","meta":{"_jetpack_newsletter_access":"","_jetpack_dont_email_post_to_subs":false,"_jetpack_newsletter_tier_id":0,"_jetpack_memberships_contains_paywalled_content":false,"_jetpack_feature_clip_id":0,"_jetpack_memberships_contains_paid_content":false,"footnotes":"","jetpack_post_was_ever_published":false},"categories":[1],"tags":[],"class_list":["post-2187","post","type-post","status-publish","format-standard","hentry","category-genel","entry"],"jetpack_sharing_enabled":true,"jetpack_featured_media_url":"","_links":{"self":[{"href":"https:\/\/www.zehrataskin.com\/index.php\/wp-json\/wp\/v2\/posts\/2187","targetHints":{"allow":["GET"]}}],"collection":[{"href":"https:\/\/www.zehrataskin.com\/index.php\/wp-json\/wp\/v2\/posts"}],"about":[{"href":"https:\/\/www.zehrataskin.com\/index.php\/wp-json\/wp\/v2\/types\/post"}],"author":[{"embeddable":true,"href":"https:\/\/www.zehrataskin.com\/index.php\/wp-json\/wp\/v2\/users\/1"}],"replies":[{"embeddable":true,"href":"https:\/\/www.zehrataskin.com\/index.php\/wp-json\/wp\/v2\/comments?post=2187"}],"version-history":[{"count":2,"href":"https:\/\/www.zehrataskin.com\/index.php\/wp-json\/wp\/v2\/posts\/2187\/revisions"}],"predecessor-version":[{"id":2190,"href":"https:\/\/www.zehrataskin.com\/index.php\/wp-json\/wp\/v2\/posts\/2187\/revisions\/2190"}],"wp:attachment":[{"href":"https:\/\/www.zehrataskin.com\/index.php\/wp-json\/wp\/v2\/media?parent=2187"}],"wp:term":[{"taxonomy":"category","embeddable":true,"href":"https:\/\/www.zehrataskin.com\/index.php\/wp-json\/wp\/v2\/categories?post=2187"},{"taxonomy":"post_tag","embeddable":true,"href":"https:\/\/www.zehrataskin.com\/index.php\/wp-json\/wp\/v2\/tags?post=2187"}],"curies":[{"name":"wp","href":"https:\/\/api.w.org\/{rel}","templated":true}]}}