{"id":2261,"date":"2025-09-10T10:10:53","date_gmt":"2025-09-10T07:10:53","guid":{"rendered":"https:\/\/www.zehrataskin.com\/?p=2261"},"modified":"2025-09-10T13:09:45","modified_gmt":"2025-09-10T10:09:45","slug":"bir-universitenin-wos-aboneligi-kararini-sonlandirmasi-ne-soyler","status":"publish","type":"post","link":"https:\/\/www.zehrataskin.com\/index.php\/2025\/09\/10\/bir-universitenin-wos-aboneligi-kararini-sonlandirmasi-ne-soyler\/","title":{"rendered":"Bir \u00fcniversitenin WoS aboneli\u011fi karar\u0131n\u0131 sonland\u0131rmas\u0131 ne s\u00f6yler?"},"content":{"rendered":"\n<p class=\"wp-block-paragraph\">Hat\u0131rlar m\u0131s\u0131n\u0131z bilmem. Birka\u00e7 sene \u00f6nce Utrecht \u00dcniversitesi \u00fcniversitelerin s\u0131\u00e7an yar\u0131\u015f\u0131na sokuldu\u011fu \u00fcniversite s\u0131ralama sistemlerinde art\u0131k yer almayaca\u011f\u0131n\u0131 s\u00f6ylemi\u015f (evet tam olarak b\u00f6yle s\u00f6ylemi\u015f) ve b\u00fcy\u00fck bir tart\u0131\u015fma yaratm\u0131\u015ft\u0131. Hatta bizde her sene &#8220;bu y\u0131l da en birin\u00e7 biz olduk&#8221; reklam\u0131 yapan \u00fcniversitelerimiz ve her ay d\u00fczenli olarak SCI Q1 makalem \u00fcj g\u00fcnde yay\u0131nland\u0131 diye ilan edenler (yay\u0131n duyurmakta sorun yok, i\u00e7eri\u011fi bo\u015f verip \u00f6l\u00e7evle ilan etmekte sorun var) bile i\u015fte feraset, i\u015fte bilimsel d\u00fc\u015f\u00fcnce diye destek vermi\u015fti. \u00c7\u00fcnk\u00fc m\u00fcthi\u015f bir ad\u0131md\u0131 ve ger\u00e7ekten cesur bir ad\u0131md\u0131 da. Bu konuda \u00fcniversitenin a\u00e7\u0131klamas\u0131: <a href=\"https:\/\/www.uu.nl\/en\/organisation\/profile\/facts-and-figures\/utrecht-university-in-rankings\">https:\/\/www.uu.nl\/en\/organisation\/profile\/facts-and-figures\/utrecht-university-in-rankings<\/a><\/p>\n\n\n\n<p class=\"wp-block-paragraph\">Bu karar sonras\u0131 \u00fcniversiteye kar\u015f\u0131 d\u00fcnyada genel yakla\u015f\u0131m olumlu olsa da bu karar\u0131 Utrecht&#8217;in \u00f6\u011frenci bar\u0131nmas\u0131 konusunda imaj\u0131n\u0131n k\u00f6t\u00fcle\u015fmesi (bkz: <a href=\"https:\/\/dub.uu.nl\/en\/news\/utrecht-drops-ranking-best-student-housing-cities\">https:\/\/dub.uu.nl\/en\/news\/utrecht-drops-ranking-best-student-housing-cities<\/a>) sonras\u0131 uluslararas\u0131 \u00f6\u011frenci say\u0131s\u0131n\u0131n d\u00fc\u015fmesine ve bunun \u00fcniversite s\u0131ralamalar\u0131n\u0131 etkileyece\u011fi i\u00e7in b\u00f6yle bir karar al\u0131nd\u0131\u011f\u0131na ili\u015fkin ele\u015ftiriler de oldu. Ancak sonu\u00e7ta, Utrecht \u00dcniversitesi dedi\u011fini hayata ge\u00e7irdi. Herhangi bir &#8220;s\u0131ralama&#8221;ya destek vermiyor ve bir &#8220;more than our rank&#8221; destek\u00e7isi (more than our rank \u00fcniversite s\u0131ralamalar\u0131n\u0131n sorunlu y\u00f6nlerine dikkat \u00e7ekmek i\u00e7in geli\u015ftirilen bir giri\u015fim ve akademik kurumlar\u0131n s\u0131ralamalara yans\u0131mayan katk\u0131lar\u0131n\u0131 g\u00f6r\u00fcn\u00fcr k\u0131lmay\u0131 ama\u00e7l\u0131yor. More than our rank&#8217;e imza att\u0131ysan\u0131z web sitenizde &#8220;hurraaayy bu y\u0131l da birin\u00e7 biziz&#8221; yazmaktansa topluma\/bilime katk\u0131lar\u0131n\u0131z\u0131n alt\u0131n\u0131 \u00e7izmeniz bekleniyor).  <\/p>\n\n\n\n<p class=\"wp-block-paragraph\">Gelgelelim bu yaz\u0131n\u0131n amac\u0131na. Ayn\u0131 \u00fcniversite d\u00fcn ald\u0131\u011f\u0131 bir karar\u0131 web sitesinden duyurdu. Tabi \u00f6nce bizim alanda, sonra da t\u00fcm akademide deprem etkisi yaratt\u0131. Ben de benim i\u00e7in hala Twitter olan X&#8217;te yorumsuz payla\u015ft\u0131m. \u00c7\u00fcnk\u00fc yorumlar\u0131m tek bir twite s\u0131\u011famayacak kadar fazlayd\u0131. Gelin g\u00f6r\u00fcn ki twit y\u00fcr\u00fcd\u00fc, baz\u0131 soru i\u015faretleri ve ele\u015ftirileri de beraberinde getirdi. Ben de o bir iki twite s\u0131\u011fmayan fikirlerimi blogumun bilim ileti\u015fimi i\u015flevini yerine getirerek payla\u015fmak istedim.<\/p>\n\n\n\n<p class=\"wp-block-paragraph\"><strong>&#8220;Web of Science ve Journal Citation Reports eri\u015fimi 1 Ocak 2026 tarihi itibariyle sonlanacakt\u0131r&#8221; <\/strong><\/p>\n\n\n\n<p class=\"wp-block-paragraph\">Utrecht \u00dcniversitesi a\u015fa\u011f\u0131daki a\u00e7\u0131klama ile 1 Ocak&#8217;tan itibaren WoS \u00fcyeli\u011fini sonland\u0131rca\u011f\u0131n\u0131 a\u00e7\u0131klad\u0131. Sebebi \u00fcniversitenin <a href=\"https:\/\/www.uu.nl\/en\/research\/open-science\" target=\"_blank\" rel=\"noreferrer noopener\">a\u00e7\u0131k bilim misyonu<\/a> ve imzalad\u0131klar\u0131 <a href=\"https:\/\/barcelona-declaration.org\/\" target=\"_blank\" rel=\"noreferrer noopener\">Barcelona Deklarasyonu<\/a>. \u00d6ncelikle bu iki unsurun neden \u00f6nemli oldu\u011funu anlatay\u0131m izninizle. <\/p>\n\n\n<div class=\"wp-block-image\">\n<figure class=\"aligncenter size-full is-resized\"><img loading=\"lazy\" decoding=\"async\" width=\"830\" height=\"622\" src=\"https:\/\/www.zehrataskin.com\/wp-content\/uploads\/2025\/09\/image-2.png\" alt=\"\" class=\"wp-image-2263\" style=\"width:323px;height:auto\" srcset=\"https:\/\/www.zehrataskin.com\/wp-content\/uploads\/2025\/09\/image-2.png 830w, https:\/\/www.zehrataskin.com\/wp-content\/uploads\/2025\/09\/image-2-300x225.png 300w, https:\/\/www.zehrataskin.com\/wp-content\/uploads\/2025\/09\/image-2-768x576.png 768w\" sizes=\"auto, (max-width: 830px) 100vw, 830px\" \/><figcaption class=\"wp-element-caption\"><a href=\"https:\/\/www.uu.nl\/en\/news\/access-to-web-of-science-will-end-on-1-january-2026\">https:\/\/www.uu.nl\/en\/news\/access-to-web-of-science-will-end-on-1-january-2026<\/a><\/figcaption><\/figure>\n<\/div>\n\n\n<p class=\"wp-block-paragraph\">A\u00e7\u0131k bilim politikas\u0131\/misyonu bir s\u00fcredir Avrupa&#8217;da pek \u00e7ok \u00fclkede\/\u00fcniversitede geli\u015ftiriliyor ve anlaml\u0131\/olumlu sonu\u00e7lar\u0131 oldu. Fransa a\u00e7\u0131k bilim politikas\u0131 hakk\u0131nda daha \u00f6nce Sarka\u00e7&#8217;a yazm\u0131\u015ft\u0131m: <a href=\"https:\/\/sarkac.org\/2022\/03\/osec2022\/\">https:\/\/sarkac.org\/2022\/03\/osec2022\/<\/a> Utrecht&#8217;in a\u00e7\u0131k bilim stratejik plan\u0131 be\u015f ana ayak \u00fczerine yap\u0131land\u0131r\u0131lm\u0131\u015f: <\/p>\n\n\n\n<ul class=\"wp-block-list\">\n<li><strong>A\u00e7\u0131k eri\u015fim: <\/strong>Ara\u015ft\u0131rma \u00e7\u0131kt\u0131lar\u0131n\u0131n herkes i\u00e7in eri\u015filebilir olmas\u0131n\u0131n sa\u011flanmas\u0131.<\/li>\n\n\n\n<li><strong>FAIR veri:<\/strong> Ara\u015ft\u0131rma verilerinin bulunabilir, eri\u015filebilir, birlikte \u00e7al\u0131\u015f\u0131labilir ve yeniden kullan\u0131labilir olmas\u0131.<\/li>\n\n\n\n<li><strong>Toplum kat\u0131l\u0131m\u0131: <\/strong>Akademinin toplumla daha g\u00fc\u00e7l\u00fc bir etkile\u015fim kurmas\u0131.<\/li>\n\n\n\n<li><strong>\u00d6d\u00fcllendirme ve tan\u0131mlamalar: <\/strong>Ara\u015ft\u0131rmac\u0131lar\u0131n yaln\u0131zca yay\u0131n say\u0131s\u0131na g\u00f6re de\u011fil, a\u00e7\u0131k bilim katk\u0131lar\u0131yla da de\u011ferlendirilmeleri\/\u00f6d\u00fcllendirilmeleri.<\/li>\n\n\n\n<li><strong>A\u00e7\u0131k e\u011fitim: <\/strong>\u00d6\u011frenme materyallerinin ve s\u00fcre\u00e7lerinin daha eri\u015filebilir k\u0131l\u0131nmas\u0131.<\/li>\n<\/ul>\n\n\n\n<p class=\"wp-block-paragraph\">Yani Utrecht, a\u00e7\u0131k bilimi sadece a\u00e7\u0131k eri\u015fime indirgemeden, ara\u015ft\u0131rman\u0131n her a\u015famas\u0131na yaymay\u0131 hedefliyor. WoS \u00fcyeli\u011fini sonland\u0131rma karar\u0131 da bu vizyonla uyumlu bir ad\u0131m. <strong>Akademik bilginin kapal\u0131 ve ticari sistemler yerine a\u00e7\u0131k ve toplumsal fayda odakl\u0131 ekosistemlerde<\/strong> ilerlemesi gerekti\u011fini g\u00fc\u00e7l\u00fc bi\u00e7imde hat\u0131rlat\u0131yor.<\/p>\n\n\n\n<p class=\"wp-block-paragraph\">Di\u011fer tarafta metinde an\u0131lmas\u0131 gereken bir di\u011fer giri\u015fim <strong>Barcelona Deklarasyonu<\/strong>. Maalesef bu deklarasyon \u00fclkemizde DORA veya CoARA kadar duyulmad\u0131. Barcelona Deklarasyonu, ara\u015ft\u0131rma bilgisinin (\u00fcstveri ya da ara\u015ft\u0131rma bilgisi) \u015feffaf, eri\u015filebilir ve yeniden kullan\u0131labilir olmas\u0131n\u0131 hedefleyen d\u00f6rt temel taahh\u00fctte bulunuyor: Bunlar ne mi? Bunlar \u015funlar: <\/p>\n\n\n\n<p class=\"wp-block-paragraph\"><strong>A\u00e7\u0131kl\u0131\u011f\u0131 varsay\u0131lan hale getirmek: <\/strong>Kullan\u0131lan ve \u00fcretilen ara\u015ft\u0131rma verileri, de\u011ferlendirme, karar alma ya da g\u00f6r\u00fcn\u00fcrl\u00fck ama\u00e7lar\u0131yla olsun, m\u00fcmk\u00fcn oldu\u011funca a\u00e7\u0131k olmal\u0131. Yani<strong> <\/strong>\u201colabildi\u011fince a\u00e7\u0131k, gerekti\u011finde kapal\u0131\u201d anlay\u0131\u015f\u0131 benimseniyor.<\/p>\n\n\n\n<p class=\"wp-block-paragraph\"><strong>A\u00e7\u0131k bilgi altyap\u0131lar\u0131na y\u00f6nelmek: <\/strong>Yay\u0131n s\u00fcre\u00e7lerinde (\u00f6rne\u011fin makale \u00fcstverisi gibi) ya da kurum i\u00e7i bilgi sistemlerinde kullan\u0131lan platformlar, a\u00e7\u0131k altyap\u0131lar olmal\u0131. Buna uygun protokoller ve tan\u0131mlay\u0131c\u0131larla birlikte, bilgi d\u0131\u015fa aktar\u0131labilir ve eri\u015filebilir olmal\u0131. (Utrecht&#8217;in karar\u0131 bununla paralel)<\/p>\n\n\n\n<p class=\"wp-block-paragraph\"><strong>Altyap\u0131lar\u0131n s\u00fcrd\u00fcr\u00fclebilirli\u011fini desteklemek: <\/strong>A\u00e7\u0131k ara\u015ft\u0131rma bilgi altyap\u0131lar\u0131, topluluk y\u00f6netimi ilkelerine uygun, \u015feffaf ve g\u00fcvenilir olmal\u0131. Ayr\u0131ca, bu yap\u0131lara mali ve yap\u0131sal katk\u0131lar sa\u011flayarak hem uzmanl\u0131k hem de finansal olarak desteklenmesi bekleniyor. <\/p>\n\n\n\n<p class=\"wp-block-paragraph\"><strong>Birlikte hareket ederek d\u00f6n\u00fc\u015f\u00fcm\u00fc h\u0131zland\u0131rmak<\/strong>: A\u00e7\u0131k bilgiye ge\u00e7i\u015f ancak kolektif \u00e7abalarla m\u00fcmk\u00fcn olabilir. Bu nedenle bir \u201cCoalition for Open Research Information\u201d kurulmas\u0131, i\u015fbirlikleri olu\u015fturulmas\u0131 ve deneyim payla\u015f\u0131m\u0131 te\u015fvik ediliyor. <\/p>\n\n\n\n<p class=\"wp-block-paragraph\">Peki bu taahh\u00fctler neden \u00f6nemli? Ara\u015ft\u0131rma de\u011ferlendirme sistemlerinde kullan\u0131lan veriler genellikle kapal\u0131 sistemlerde saklan\u0131yor. Bu da hem \u015feffafl\u0131\u011f\u0131 zay\u0131flat\u0131yor hem de karar alma s\u00fcre\u00e7lerini &#8220;kara kutu&#8221; haline getiriyor. Bu taahh\u00fctler, a\u00e7\u0131k bilim ekosisteminde bilgiye herkesin eri\u015fimini sa\u011flarken, akademik sistemin daha adil ve hesap verebilir olmas\u0131n\u0131 ama\u00e7l\u0131yor. Yani Utrecht&#8217;in karar\u0131n\u0131 bu giri\u015fimlerle paralel okursan\u0131z \u00e7ok isabetli ve do\u011fru tercihler oldu\u011funu anlars\u0131n\u0131z. DORA imzac\u0131s\u0131 olan bir\u00e7ok \u00fcniversitemiz hala Q de\u011ferlerini kullan\u0131rken imza aktivizmini prati\u011fe d\u00f6kebilmek m\u00fcthi\u015f bir ad\u0131m bana g\u00f6re. \u00d6te yandan kafama yatmayan \u015feyler de yok de\u011fil. <\/p>\n\n\n\n<p class=\"wp-block-paragraph\"><strong>Kafama yatmayanlar&#8230; <\/strong><\/p>\n\n\n\n<p class=\"wp-block-paragraph\">At\u0131f dizinlerinin \u00e7\u0131k\u0131\u015f noktas\u0131 literat\u00fcr denetimini\/bibliyografik denetimi sa\u011flamak ve k\u00fct\u00fcphanelerin koleksiyon geli\u015ftirmelerini kolayla\u015ft\u0131rmakt\u0131. Bu konuda \u015fu yaz\u0131m okunabilir: <a href=\"https:\/\/www.zehrataskin.com\/index.php\/2023\/08\/24\/sci-ssci-yayin-yapmanin-ipuclari\/\" target=\"_blank\" rel=\"noreferrer noopener\">SCI yay\u0131n yapman\u0131n ipu\u00e7lar\u0131 <\/a> Ayn\u0131 sayfada Utrecht diyor ki Scopus devam edecek, literat\u00fcr taraman\u0131z\u0131 yapmak i\u00e7in bundan sonra Scopus kullanabilirsiniz. E k\u0131z o da onun laciverdi ya :=) Bu karar\u0131n arkas\u0131nda yatan sebep y\u00fcksek ihtimalle Elsevier&#8217;in Hollanda men\u015feidir gibi geliyor bana. A\u00e7\u0131k s\u00f6ylemek gerekirse al\u0131\u015fkanl\u0131ktan veya benim alan\u0131mda ilgilendi\u011fim dergilerin tamam\u0131n\u0131n orada olmas\u0131ndan dolay\u0131 ben literat\u00fcr taramas\u0131na ba\u015flang\u0131\u00e7 ve takip i\u00e7in hala WoS kullan\u0131yorum. Utrecht&#8217;te benim gibi hoca varsa ister istemez Scopus&#8217;a y\u00f6nlenecektir diye d\u00fc\u015f\u00fcn\u00fcyorum. Bu hedeflenen bir \u015feyse uygun ancak iddia edilenle \u00e7ak\u0131\u015fan noktalar\u0131 var.  <\/p>\n\n\n\n<p class=\"wp-block-paragraph\">Di\u011fer taraftan bu veri tabanlar\u0131 ticari \u00fcr\u00fcnler. Dolay\u0131s\u0131yla onlar i\u015flerini yap\u0131yor ve paralar\u0131n\u0131 kazan\u0131yor. Sunduklar\u0131 say\u0131lar\u0131 performans de\u011ferlendirmesinde kullan\u0131p kullanmamak da kurumlar\u0131n tercihi. Yani veri taban\u0131 aboneli\u011fini iptal etmeden de ayn\u0131 uygulama hayata ge\u00e7irilebilir, bu sayede literat\u00fcr taramas\u0131 i\u00e7in kullanan kullan\u0131c\u0131lara daha p\u00fcr\u00fczs\u00fcz bir ge\u00e7i\u015f sa\u011flanabilir (bunu niye yazd\u0131m? Bunu \u00fclke \u00e7ap\u0131nda T\u00dcB\u0130TAK taraf\u0131ndan sa\u011flanan WoS aboneli\u011finiz var diye performans de\u011ferlendirmesinde WoS say\u0131lar\u0131n\u0131 kullanmak zorunda de\u011filsiniz diye yazd\u0131m. Ho\u015f pek \u00e7ok \u00fcniversitemizin JCR aboneli\u011fi yok ama \u00e7eyrek de\u011ferini kullan\u0131yor. Bu da eri\u015filemeyen bir veriye dayanarak akademisyen de\u011ferlendirildi\u011fi anlam\u0131na geliyor :=))<\/p>\n\n\n\n<p class=\"wp-block-paragraph\">Bir di\u011fer \u015fey de maalesef bu sistemlerin alternatifinin hala akran de\u011ferlendirmesi olmas\u0131. M\u00fckemmel bir d\u00fcnyada akranlar \u00f6nyarg\u0131s\u0131z olabilir. Ancak maalesef d\u00fcnya adil de\u011fil, akademik kadrolar az ve ara\u015ft\u0131rma de\u011ferlendirmeleri fazlas\u0131yla subjektif. Biz \u015fu makaleyi yazarken bir yazar grubu etki fakt\u00f6r\u00fcn\u00fcn komple kullan\u0131lmamas\u0131 ve uzman paneline ge\u00e7i\u015fi tavsiye ediyordu, bir k\u0131sm\u0131 ise dikkatli ve ek bilgi olarak kullan\u0131lmas\u0131n\u0131: <a href=\"https:\/\/asistdl.onlinelibrary.wiley.com\/doi\/full\/10.1002\/asi.24706\" target=\"_blank\" rel=\"noreferrer noopener\">Uses of the Journal Impact Factor in national journal rankings in China and Europe<\/a> Sonunda \u015f\u00f6yle bir sonuca vard\u0131k: bibliyometrik \u00f6l\u00e7evlerin tamamen terk edilmesi \u015fu an i\u00e7in m\u00fcmk\u00fcn de\u011fil ancak tek ba\u015f\u0131na kullan\u0131lmas\u0131 b\u00fcy\u00fck g\u00fcnah. \u00d6zellikle STEM alanlar\u0131nda yard\u0131mc\u0131 bir g\u00f6sterge olabilir ancak sosyal bilimler ve be\u015feri bilimlerde mutlaka uzman de\u011ferlendirmeleriyle desteklenmesi gerekiyor. Bilimsel ileti\u015fimde e\u015fitsizli\u011fe ili\u015fkin daha \u00f6nce \u015furada bir \u015fey yazm\u0131\u015ft\u0131m: <a href=\"https:\/\/www.zehrataskin.com\/index.php\/2023\/08\/31\/aci-gercekler-bilimsel-iletisim-sureclerinde-bir-fiske-esitlik-icin-kucuk-tavsiyeler\/\">https:\/\/www.zehrataskin.com\/index.php\/2023\/08\/31\/aci-gercekler-bilimsel-iletisim-sureclerinde-bir-fiske-esitlik-icin-kucuk-tavsiyeler\/<\/a> Asl\u0131nda Utrecht&#8217;in yapt\u0131\u011f\u0131nda bununla ters bir \u015fey yok. De\u011ferlendirmeleri kapal\u0131 ticari platformlar yerine a\u00e7\u0131k veri sunan platformlardan yap\u0131p \u015feffaf olaca\u011f\u0131m diyor. Bu da hem benim yorumuma, hem kendi a\u00e7\u0131k bilim politikalar\u0131na paralel. Yani d\u00fc\u015f\u00fcn\u00fcnce bu k\u0131sm\u0131 kafama yatm\u0131\u015f :=) <\/p>\n\n\n\n<p class=\"wp-block-paragraph\">Twitime gelen yorumlardan biri SENSE s\u0131n\u0131flamas\u0131n\u0131 d\u00fcnyaya musallat eden \u00fclke de\u011fil mi bu idi. Burada hak yedirmek istemem. SENSE sadece Hollanda&#8217;n\u0131n birka\u00e7 enstit\u00fcs\u00fc i\u00e7in geli\u015ftirilmi\u015f bir listeydi. Web&#8217;den bulup sistemlerine entegre eden biziz. Yoksa o listenin uluslararas\u0131 ge\u00e7erlili\u011fi olmad\u0131\u011f\u0131 web sayfas\u0131nda neonlarla yaz\u0131yordu zaten. \u015eu anda internete SENSE ranking yaz\u0131nca ilk s\u0131rada bizim \u00fcniversitelerin de\u011ferlendirme kriterleri \u00e7\u0131k\u0131yor. Burada onlarl\u0131k bir durum yok, durum bizlik. <\/p>\n\n\n\n<p class=\"wp-block-paragraph\">Hayli uzun bir yaz\u0131 oldu. Okuduysan\u0131z te\u015fekk\u00fcrler. Yeni bloglardan haberdar olmak i\u00e7in yan men\u00fcde bir yerlerde bir kutu var. Oradan bloguma abone olabilirsiniz. Her yeni yaz\u0131 i\u00e7in bazen basketbol, bazen \u00e7oluk \u00e7ocuk bazen akademik i\u015fler konu\u015ftu\u011fum twitter hesab\u0131m\u0131 takip etmek istemezseniz alternatifiniz var. <\/p>\n\n\n\n<p class=\"wp-block-paragraph\">*Minik bir ekleme: Linkedin&#8217;de konunun payla\u015f\u0131ld\u0131\u011f\u0131 bir yaz\u0131n\u0131n alt\u0131nda ortak yazar\u0131m Alesia&#8217;n\u0131n (Zuccala) \u015fu yorumunu g\u00f6rd\u00fcm.<\/p>\n\n\n\n<blockquote class=\"wp-block-quote is-layout-flow wp-block-quote-is-layout-flow\">\n<p class=\"wp-block-paragraph\"><em>&#8220;I am fully in favor of open science, but it is so important to be able to work with curated, clean, and monitored (ie retractions) data.&#8221;<\/em> (AZ)<\/p>\n<\/blockquote>\n\n\n\n<p class=\"wp-block-paragraph\">Ge\u00e7en y\u0131l \u00fcniversitemin k\u00fct\u00fcphanesinden ULRICH eri\u015fimi talep etmi\u015f bir ara\u015ft\u0131rmac\u0131 olarak \u00f6zellikle bilimsel ileti\u015fim \u00e7al\u0131\u015fmalar\u0131nda temiz veriyle \u00e7al\u0131\u015fman\u0131n \u00f6neminin alt\u0131n\u0131 \u00e7izmem laz\u0131m. Ticari ara\u00e7lar bunu daha iyi yap\u0131yor \u00e7\u00fcnk\u00fc b\u00fct\u00e7eleri var. Dolay\u0131s\u0131yla bu iptalin o y\u00f6nde de bir sonucu olacakt\u0131r. Gelecek ne getirecek g\u00f6rece\u011fiz.<\/p>\n","protected":false},"excerpt":{"rendered":"<p>Hat\u0131rlar m\u0131s\u0131n\u0131z bilmem. Birka\u00e7 sene \u00f6nce Utrecht \u00dcniversitesi \u00fcniversitelerin s\u0131\u00e7an yar\u0131\u015f\u0131na sokuldu\u011fu \u00fcniversite s\u0131ralama sistemlerinde art\u0131k yer almayaca\u011f\u0131n\u0131 s\u00f6ylemi\u015f (evet tam olarak b\u00f6yle s\u00f6ylemi\u015f) ve&#8230;<\/p>\n<div class=\"more-link-wrapper\"><a class=\"more-link\" href=\"https:\/\/www.zehrataskin.com\/index.php\/2025\/09\/10\/bir-universitenin-wos-aboneligi-kararini-sonlandirmasi-ne-soyler\/\">Devam\u0131n\u0131 okuyun<span class=\"screen-reader-text\">Bir \u00fcniversitenin WoS aboneli\u011fi karar\u0131n\u0131 sonland\u0131rmas\u0131 ne s\u00f6yler?<\/span><\/a><\/div>\n","protected":false},"author":1,"featured_media":0,"comment_status":"open","ping_status":"open","sticky":false,"template":"","format":"standard","meta":{"_jetpack_newsletter_access":"","_jetpack_dont_email_post_to_subs":false,"_jetpack_newsletter_tier_id":0,"_jetpack_memberships_contains_paywalled_content":false,"_jetpack_feature_clip_id":0,"_jetpack_memberships_contains_paid_content":false,"footnotes":"","jetpack_post_was_ever_published":false},"categories":[1],"tags":[],"class_list":["post-2261","post","type-post","status-publish","format-standard","hentry","category-genel","entry"],"jetpack_sharing_enabled":true,"jetpack_featured_media_url":"","_links":{"self":[{"href":"https:\/\/www.zehrataskin.com\/index.php\/wp-json\/wp\/v2\/posts\/2261","targetHints":{"allow":["GET"]}}],"collection":[{"href":"https:\/\/www.zehrataskin.com\/index.php\/wp-json\/wp\/v2\/posts"}],"about":[{"href":"https:\/\/www.zehrataskin.com\/index.php\/wp-json\/wp\/v2\/types\/post"}],"author":[{"embeddable":true,"href":"https:\/\/www.zehrataskin.com\/index.php\/wp-json\/wp\/v2\/users\/1"}],"replies":[{"embeddable":true,"href":"https:\/\/www.zehrataskin.com\/index.php\/wp-json\/wp\/v2\/comments?post=2261"}],"version-history":[{"count":9,"href":"https:\/\/www.zehrataskin.com\/index.php\/wp-json\/wp\/v2\/posts\/2261\/revisions"}],"predecessor-version":[{"id":2274,"href":"https:\/\/www.zehrataskin.com\/index.php\/wp-json\/wp\/v2\/posts\/2261\/revisions\/2274"}],"wp:attachment":[{"href":"https:\/\/www.zehrataskin.com\/index.php\/wp-json\/wp\/v2\/media?parent=2261"}],"wp:term":[{"taxonomy":"category","embeddable":true,"href":"https:\/\/www.zehrataskin.com\/index.php\/wp-json\/wp\/v2\/categories?post=2261"},{"taxonomy":"post_tag","embeddable":true,"href":"https:\/\/www.zehrataskin.com\/index.php\/wp-json\/wp\/v2\/tags?post=2261"}],"curies":[{"name":"wp","href":"https:\/\/api.w.org\/{rel}","templated":true}]}}