{"id":340,"date":"2019-11-02T23:59:24","date_gmt":"2019-11-02T20:59:24","guid":{"rendered":"http:\/\/www.zehrataskin.com\/?p=340"},"modified":"2022-06-18T18:42:10","modified_gmt":"2022-06-18T15:42:10","slug":"2971-kilometrelik-yolculuk-arabayla-turkiyeden-polonyaya","status":"publish","type":"post","link":"https:\/\/www.zehrataskin.com\/index.php\/2019\/11\/02\/2971-kilometrelik-yolculuk-arabayla-turkiyeden-polonyaya\/","title":{"rendered":"2971 kilometrelik yolculuk&#8230; Arabayla T\u00fcrkiye&#8217;den Polonya&#8217;ya&#8230;"},"content":{"rendered":"\n<p class=\"wp-block-paragraph\">Ge\u00e7en y\u0131l\u0131n Mart ay\u0131nda Polonya&#8217;n\u0131n Ulusal Ajans\u0131 NAWA Poland&#8217;\u0131n ULAM Program\u0131na ba\u015fvurdum. Program detaylar\u0131, projenin a\u00e7\u0131klamalar\u0131 ve akademik nitelikteki di\u011fer her \u015fey web sayfam\u0131n ilgili k\u0131s\u0131mlar\u0131nda var. Bu yaz\u0131n\u0131n amac\u0131 ise ba\u015fka. Projenin kabul\u00fcn\u00fcn netle\u015fti\u011fi Eyl\u00fcl ay\u0131 sonunda Polonya&#8217;ya arabayla gitmeye karar vermi\u015ftik bile. Bunun daha \u00e7ok e\u015fya g\u00f6t\u00fcrebilmek, uzun zamand\u0131r hayalini kurdu\u011fumuz arabayla Avrupa turunu hayata ge\u00e7irebilmek veya can\u0131m Cliocumu satmaya k\u0131yamamam gibi \u00e7ok \u00e7e\u015fitli sebepleri vard\u0131. Ancak Ankara&#8217;dan tam 2600 kilometre idi Poznan ve daha \u00f6nce arabayla yurt d\u0131\u015f\u0131na \u00e7\u0131kmam\u0131\u015f biri i\u00e7in zor olabilirdi. Yan\u0131m\u0131zda 9 ya\u015f\u0131nda bir \u00e7ocuk vard\u0131, s\u0131k\u0131labilir, yorulabilirdi. T\u00fcm planlar \u00e7ok iyi yap\u0131lmal\u0131yd\u0131. <\/p>\n\n\n\n<p class=\"wp-block-paragraph\">Bu yaz\u0131y\u0131 yazma sebebim seyahat bloglar\u0131nda a\u015f\u0131r\u0131 abart\u0131lan baz\u0131 konular\u0131n sizleri korkutmas\u0131n\u0131n \u00f6n\u00fcne ge\u00e7mek. Kendimi adeta bu yaz\u0131y\u0131 yazmak zorunda hissediyorum. Bulgaristan s\u0131n\u0131r\u0131na girdikten sonra \u00e7\u0131kana kadar gerginlikten karn\u0131m\u0131 a\u011fr\u0131tan blog yaz\u0131lar\u0131n\u0131 okudu\u011fum i\u00e7in iyi deneyimlerin de oldu\u011funu anlatmam laz\u0131m san\u0131r\u0131m. <\/p>\n\n\n\n<h3 class=\"wp-block-heading\">Yola \u00e7\u0131k\u0131\u015f \u00f6ncesi<\/h3>\n\n\n\n<p class=\"wp-block-paragraph\">Biz biraz ara\u015ft\u0131rd\u0131ktan sonra baz\u0131 \u015feylerin yola koyulmadan \u00f6nce yap\u0131lmas\u0131n\u0131n i\u015fi kolayla\u015ft\u0131raca\u011f\u0131n\u0131 anlad\u0131k. Bunun i\u00e7in de ye\u015fil sigortay\u0131 kendi sigortac\u0131m\u0131za yapt\u0131rd\u0131k. 1500 lira gibi bir \u00f6deme yapt\u0131k san\u0131r\u0131m 1 y\u0131ll\u0131k ye\u015fil sigorta i\u00e7in. S\u0131n\u0131r kap\u0131s\u0131nda daha ucuz oldu\u011fu s\u00f6yleniyor ancak kalabal\u0131k olursa diye \u00fc\u00e7e be\u015fe bakmamak en iyisi dedik san\u0131r\u0131m. Zaten Turing web sitesinde belirtilen fiyat da a\u015fa\u011f\u0131 yukar\u0131 bu.<\/p>\n\n\n\n<p class=\"wp-block-paragraph\">Ehliyetleri hala de\u011fi\u015ftirmemi\u015ftik ancak eski ehliyetlerin uluslararas\u0131 ge\u00e7erlili\u011fi olmad\u0131\u011f\u0131 i\u00e7in gitmeden onlar\u0131 da de\u011fi\u015ftirdik. Efsane bir macerayd\u0131 ama o ba\u015fka blog yaz\u0131s\u0131n\u0131n konusu olur. Aile hekimi ile sa\u011fl\u0131k raporu konusunda ya\u015fad\u0131klar\u0131m\u0131z Sa\u011fl\u0131k Bakanl\u0131\u011f\u0131, aile hekimi ve benim aramda kals\u0131n. <\/p>\n\n\n\n<p class=\"wp-block-paragraph\">Ye\u015fil sigorta tamam, ehliyetler tamam. Yurtd\u0131\u015f\u0131 \u00e7\u0131k\u0131\u015f hara\u00e7 pulunu unutmamak laz\u0131m. S\u0131n\u0131r kap\u0131s\u0131nda onun da gi\u015fesi varm\u0131\u015f ama \u00e7\u0131kmadan bankadan halletmek en iyisi. Onu da gitmeden yapt\u0131k. <\/p>\n\n\n\n<p class=\"wp-block-paragraph\">Seyahat ile \u00e7ok ilgili de\u011fil belki ama para \u00e7ekmemiz gerekirse ne yapmak gerekir diye ara\u015ft\u0131r\u0131nca UniCredit \u00fcyesi bankalardan komisyonsuz para \u00e7ekebilece\u011fimizi \u00f6\u011frendik. \u015eimdiye kadar hep tedarikli gitti\u011fimiz i\u00e7in ihtiya\u00e7 duymam\u0131\u015ft\u0131k yurtd\u0131\u015f\u0131nda bankaya ama ne olur ne olmaz diye UniCredit \u00fcyesi Yap\u0131 Kredi&#8217;den hesap a\u00e7t\u0131k. Y\u0131llar \u00f6nce hesap i\u015fletim \u00fccreti kesiliyor diye kapatt\u0131\u011f\u0131m hesab\u0131 yeniden a\u00e7t\u0131ran kadere bak \ud83d\ude42 Polonya&#8217;da Bank Pekao&#8217;dan \u00e7ekebilece\u011fiz diyorlar ancak hen\u00fcz ihtiya\u00e7 duymad\u0131k. Hay\u0131rl\u0131s\u0131 bakal\u0131m. <\/p>\n\n\n\n<p class=\"wp-block-paragraph\">Ge\u00e7ilecek \u00fclkeleri planlamadan, bu \u00fclkelerin otoyol \u00fccretlerini ve uygulamalar\u0131n\u0131 \u00f6\u011frenmeden yola \u00e7\u0131kmak b\u00fcy\u00fck risk. Yapmay\u0131n annem. O y\u00fczden biz kendimize \u015f\u00f6yle bir rota \u00e7izerek ba\u015flad\u0131k: \u00c7anakkale&#8217;den yola \u00e7\u0131kacakt\u0131k (\u00d6n\u00fcm\u00fczdeki 2 y\u0131l i\u00e7inde \u015fimdiye kadar hep yapt\u0131\u011f\u0131m\u0131z gibi can\u0131m\u0131z s\u0131k\u0131ld\u0131\u011f\u0131nda \u00c7anakkale&#8217;ye gelemeyece\u011fimizden yola \u00c7anakkale&#8217;den \u00e7\u0131kmak \u015fartt\u0131 elbette). Yani 2970 kilometrenin ilk 650&#8217;sini Ankara-\u00c7anakkale aras\u0131nda yapt\u0131k en ba\u015ftan. Yapt\u0131\u011f\u0131m\u0131z plana g\u00f6re \u00f6nce Kap\u0131kule&#8217;den Bulgaristan, ard\u0131ndan S\u0131rbistan&#8217;a girecektik. Sonra en az 12 saatlik yolculu\u011fun ard\u0131ndan Belgrad&#8217;da konaklayacak, ertesi sabah tekrar yola \u00e7\u0131k\u0131p \u00fc\u00e7 \u00fclke daha ge\u00e7erek (Macaristan, Slovakya ve \u00c7ekya) Brno&#8217;ya ula\u015facak ve orada da bir gece konaklayacakt\u0131k. En sonda ise Brno&#8217;dan Poznan&#8217;a yol al\u0131p 3 g\u00fcnde bu yolculu\u011fu bitirecektik. Otoyol ge\u00e7i\u015f planlamas\u0131n\u0131 da biz bu a\u015famada yapt\u0131k ama ben yaz\u0131da yeri geldik\u00e7e yazay\u0131m onlar\u0131. Otoyollar i\u00e7in  <a rel=\"noreferrer noopener\" aria-label=\" (yeni sekmede a\u00e7\u0131l\u0131r)\" href=\"https:\/\/www.tolls.eu\/\" target=\"_blank\">https:\/\/www.tolls.eu\/<\/a>  adresi m\u00fcthi\u015f i\u015fe yar\u0131yor, tavsiye ederiz. <\/p>\n\n\n\n<p class=\"wp-block-paragraph\">&#8220;T\u00fcm haz\u0131rl\u0131klar\u0131 tamamlad\u0131k, art\u0131k yar\u0131n sabah yola \u00e7\u0131kar\u0131z. Erken yatal\u0131m bug\u00fcn.&#8221; dedi\u011fimiz 28 Ekim ak\u015fam\u0131nda g\u00fcmr\u00fck\u00e7\u00fc bir arkada\u015f\u0131m\u0131z\u0131n g\u00fcmr\u00fck polislerine terslik \u00e7\u0131karmay\u0131n, ne derse he deyin minvalindeki uyar\u0131lar\u0131ndan sonra bloglar\u0131 biraz kar\u0131\u015ft\u0131rmasayd\u0131k rahat da uyurduk asl\u0131nda. Neler mi yaz\u0131yor bloglarda; Polise r\u00fc\u015fvet vermezseniz kap\u0131dan ge\u00e7irmezler, sahte polisler olabilir, otoyolda benzincide araban\u0131z\u0131 \u00e7alabilirler ve kendi araban\u0131z\u0131 size satmaya \u00e7al\u0131\u015fabilirler, gerekmedik\u00e7e durmay\u0131n \u00e7\u00fcnk\u00fc gasp edebilirler, Bulgar polisi d\u00f6vebilir, s\u00f6vebilir vs. \u015eimdi hakk\u0131n\u0131 yemeyeyim bir forum vard\u0131 &#8220;gezenbilir&#8221; ad\u0131nda. O forum harici \u00e7o\u011fu blogda yaz\u0131lanlar bu korkutucu c\u00fcmlelerden ibaretti. Gezen biliyor ger\u00e7ekten. Neyse \u015fimdiden spoiler vermeyeyim yolda kar\u015f\u0131la\u015ft\u0131klar\u0131m\u0131zla ilgili, yeri geldik\u00e7e yazaca\u011f\u0131m zaten. \u00c7\u0131k\u0131\u015f i\u00e7in her \u015fey haz\u0131rd\u0131 ve 29 Ekim 2019 sabah\u0131 saat 5&#8217;te alarm \u00e7ald\u0131 &#8220;kalk\u0131n, yolunuz uzun&#8221; diye \u015fark\u0131lar s\u00f6yleyerek. Hem nas\u0131l g\u00fczel de bir g\u00fcnd\u00fc yola koyulmak i\u00e7in. K\u0131v\u0131lc\u0131m olarak g\u00f6nderdi\u011fi gen\u00e7lere alev olarak d\u00f6n\u00fcn diyen g\u00fczel adam\u0131n en b\u00fcy\u00fck bayram dedi\u011fi g\u00fcnde yola \u00e7\u0131k\u0131yorduk ve \u0131\u015f\u0131l \u0131\u015f\u0131ld\u0131 g\u00f6zlerimiz. <\/p>\n\n\n\n<h3 class=\"wp-block-heading\">Lapseki &#8211; Kap\u0131kule<\/h3>\n\n\n\n<p class=\"wp-block-paragraph\">Sabah 6 feribotu ile \u00f6nce Lapseki&#8217;den Gelibolu&#8217;ya ge\u00e7erek ba\u015flad\u0131k. Gelibolu, Ke\u015fan ve Edirne&#8217;yi ge\u00e7tikten sonra ise Kap\u0131kule&#8217;ye yakla\u015ft\u0131k\u00e7a bir tuhaf hissettik san\u0131r\u0131m hepimiz. &#8220;Ne yap\u0131yoruz lan biz, vuhuhuuhuuhu&#8221; nidalar\u0131 e\u015fli\u011finde otoyoldan devam ettik. Burada otoyolda ad\u0131m ba\u015f\u0131 koyulmu\u015f \u00e7\u00f6p kutular\u0131na ba\u015ftan anlam veremedik ancak anlad\u0131\u011f\u0131m\u0131zda ayr\u0131 bir \u015fok ge\u00e7irdik hepimiz. Kap\u0131kule&#8217;ye 20-30 kilometre varken otoyolda bu kadar \u00e7\u00f6p kutusu yaz\u0131n s\u0131n\u0131rda muhtemelen 18-20 saat bekleyenler i\u00e7in konulmu\u015ftu ve deh\u015fet vericiydi. Yaz\u0131n \u00fclke d\u0131\u015f\u0131na Kap\u0131kule&#8217;den \u00e7\u0131kmamal\u0131 zann\u0131mca. Hayal etmesi bile zor, ya\u015famas\u0131 ne zordur kim bilir. <\/p>\n\n\n\n<p class=\"wp-block-paragraph\">Kap\u0131kule&#8217;den \u00f6nceki son \u00e7\u0131k\u0131\u015fa geldi\u011fimizde ise depoyu tekrar doldurduk. Siz bakmay\u0131n en pahal\u0131 benzini kullan\u0131yoruz belki ama para da de\u011fersiz olunca yine de en ucuzu burada oluyor. Hala TL olarak kazand\u0131\u011f\u0131m\u0131z paray\u0131 harc\u0131yoruz zira, bir de kocam\u0131n satt\u0131\u011f\u0131m\u0131z arabas\u0131n\u0131n paras\u0131n\u0131 \ud83d\ude42<\/p>\n\n\n\n<figure class=\"wp-block-image\"><img loading=\"lazy\" decoding=\"async\" width=\"747\" height=\"498\" src=\"http:\/\/www.zehrataskin.com\/wp-content\/uploads\/2019\/11\/kap\u0131kule-1.jpeg\" alt=\"\" class=\"wp-image-347\" srcset=\"https:\/\/www.zehrataskin.com\/wp-content\/uploads\/2019\/11\/kap\u0131kule-1.jpeg 747w, https:\/\/www.zehrataskin.com\/wp-content\/uploads\/2019\/11\/kap\u0131kule-1-300x200.jpeg 300w\" sizes=\"auto, (max-width: 747px) 100vw, 747px\" \/><figcaption>Kap\u0131kule s\u0131n\u0131r kap\u0131s\u0131<\/figcaption><\/figure>\n\n\n\n<h3 class=\"wp-block-heading\">Korkulan s\u0131n\u0131r: Bulgaristan<\/h3>\n\n\n\n<p class=\"wp-block-paragraph\">Dedi\u011fim gibi Bulgaristan ile ilgili o kadar \u00e7ok \u015fey okuduk ki \u00f6n yarg\u0131l\u0131 olarak girdik s\u0131raya. \u00d6nce bizim taraf\u0131 h\u0131zl\u0131ca ge\u00e7tik. Hi\u00e7 s\u0131ra yoktu orada. Pasaport ve yurt d\u0131\u015f\u0131 \u00e7\u0131k\u0131\u015f pulu kontrol\u00fc sonras\u0131 ald\u0131k &#8220;iyi yolculuklar&#8221; dileklerimizi ve kar\u015f\u0131 tarafa do\u011fru ilerledik. Kom\u015fuya do\u011fru. <\/p>\n\n\n\n<p class=\"wp-block-paragraph\">Daha giri\u015fte araban\u0131n tekerine bir su s\u0131k\u0131p 5 euro&#8217;yu kapt\u0131lar. Ayak bast\u0131 paras\u0131 zaar. Dezenfektanl\u0131 suymu\u015f. Biz de yedik hamdolsun. Neyse, helali ho\u015f olsun. Serinledi Cliocum biraz. 2 gi\u015fe \u00e7al\u0131\u015f\u0131yordu ve biraz s\u0131ra vard\u0131, yok de\u011fil. Tabi benim bunu yazd\u0131\u011f\u0131m\u0131 okuyan, yaz\u0131n uzun saatler s\u0131ra bekleyenler ilk g\u00f6rd\u00fckleri yerde beni vurabilirler, biliyorum. O y\u00fczden bir saatlik bekleme bekleme say\u0131lmaz diyelim. \u00d6n\u00fcm\u00fczde \u00fc\u00e7 Bulgar plakal\u0131 araba vard\u0131. At h\u0131rs\u0131z\u0131 tipli olsalar da vatanda\u015f olduklar\u0131 i\u00e7in bunlar\u0131 hemen ge\u00e7irirler dedik. \u0130zlemeye koyulduk \u00f6n\u00fcm\u00fczdekileri. Memurlar Bulgar adamlar\u0131n arabalar\u0131 didik didik inceleyince \u00f6d\u00fcm\u00fcz koptu \u00f6d\u00fcm\u00fcz. Sonra \u00f6n\u00fcm\u00fczde Almanya plakal\u0131 bir panelvan\u0131 da (Almanya&#8217;da ya\u015fayan T\u00fcrklerden biri idi b\u00fcy\u00fck ihtimalle) baya ara\u015ft\u0131rd\u0131lar. Panelvan\u0131n arkas\u0131 kasa kasa elma doluydu, kasalara bakt\u0131lar falan. Benim de akl\u0131ma \u00c7anakkale&#8217;den yan\u0131m\u0131za koyulan iki kavanoz halis muhlis baba bal\u0131, \u00fc\u00e7 kavanoz halis muhlis anne sal\u00e7as\u0131 geldi. K\u0131ymetlilerimiss.. Atmas\u0131nlard\u0131, laz\u0131md\u0131 onlar. Sabah kahvalt\u0131s\u0131nda zeytinya\u011f\u0131, sal\u00e7a ve ekmek yemeden g\u00fcn aymazd\u0131 bizde. Zaten g\u0131da almak yerine daha \u00e7ok e\u015fya almay\u0131 tercih etmi\u015ftik ama bi torba g\u0131da \u00fcr\u00fcn\u00fcne laf s\u00f6ylerler miydi acaba falan derken s\u0131ra bize geldi. \u0130lk gi\u015fede pasaportlar\u0131, ruhsat\u0131 ve ye\u015fil sigortay\u0131 verdik. Biz &#8220;hi!&#8221; dedik, memur &#8220;ho\u015fgeldin kom\u015fu!&#8221;. Sonra yine T\u00fcrk\u00e7e nereye gidiyorsunuz dedi, Polonya dedik, &#8220;hadi iyi yolculuklar&#8221; dedi a\u00e7t\u0131 bariyeri. Yook art\u0131k! Sonra bagaj kontrol noktas\u0131nda ba\u015fka bir memur arka koltu\u011fa d\u0131\u015far\u0131dan bir bakt\u0131, o\u011fluma g\u00f6z k\u0131rpt\u0131 ve arka bagaj\u0131 a\u00e7t\u0131. &#8220;Sigara var m\u0131?&#8221; dedi, zira yasakm\u0131\u015f belli bir paket \u00fcst\u00fc. Yok dedik. Bagaj\u0131 kapatt\u0131, &#8220;hadi iyi yolculuklar&#8221; dedi sald\u0131 bizi. Tepemizdeki port bagaj\u0131 a\u00e7mad\u0131lar bile. \u00d6n\u00fcm\u00fczdeki herkesi didik didik ararlarken bizi temiz y\u00fczl\u00fc g\u00f6rd\u00fcler zaar, sorunsuzca ge\u00e7tik kap\u0131dan. \u00c7i\u00e7ek gibi oldu. \u0130lk intiba \u00f6nemli san\u0131r\u0131m. Bu \u00fc\u00e7 ki\u015filik \u00e7ekirdek aileden zarar gelmez dediler gibi. <\/p>\n\n\n\n<p class=\"wp-block-paragraph\">Sonra do\u011frudan Bulgar otoyolu. Otoyolu kullanmak i\u00e7in \u00f6nden elektronik vinyet alm\u0131\u015ft\u0131k biz  <a href=\"https:\/\/www.bgtoll.bg\/en\/e-vignette\">https:\/\/www.bgtoll.bg\/en\/e-vignette<\/a> adresinden (8 \u20ac &#8211; 15 Leva). Almad\u0131ysan\u0131z hemen otoyol giri\u015findeki OMV benzin istasyonunda da sat\u0131l\u0131yormu\u015f. Yani yol \u00fczerinden almak da m\u00fcmk\u00fcn. Biz her zamanki gibi tedarikli davran\u0131p \u00f6nceden yapt\u0131k i\u015flemi.<\/p>\n\n\n\n<p class=\"wp-block-paragraph\">Bulgaristan&#8217;a girdikten sonra T\u00fcrk\u00e7e tabelalar uzun s\u00fcre devam ediyor. H\u0131z s\u0131n\u0131r\u0131 \u00e7ok y\u00fcksek ve ara\u00e7lar a\u015f\u0131r\u0131 h\u0131zl\u0131 gidiyorlar. Ancak kurallara uyduklar\u0131 i\u00e7in ani duru\u015flar \u00e7ok sorun olmuyor anlad\u0131\u011f\u0131m kadar\u0131yla. Bulgar s\u0131n\u0131r\u0131n\u0131 ge\u00e7tikten sonra direksiyonu ben ald\u0131m ve h\u0131zl\u0131 akan trafik biraz yordu a\u00e7\u0131k\u00e7as\u0131. Bu yolu Bursa Karacabey yoluna benzettim (otoyol a\u00e7\u0131lmadan \u00f6nceki &#8211; Uluabat taraf\u0131ndaki). Sa\u011fda \u00e7ok say\u0131da kamyon var, soldan gitmek gerekiyor \u00e7o\u011fu zaman. Soldaki trafik de 130-140 ile gidiyor. Daha h\u0131zl\u0131 ara\u00e7lar da var. Biz \u015fehirleraras\u0131 yollarda genelde a\u00e7ar\u0131z t\u0131ng\u0131r m\u0131ng\u0131r m\u00fczi\u011fimizi, h\u0131z reg\u00fclat\u00f6r\u00fcne de 104 falan ayarlar \u015fark\u0131 s\u00f6yleyerek gideriz. 130 ile giderken, tepede de port bagaj varken m\u00fczik dinlemek ne m\u00fcmk\u00fcn. Olsun, yine de olduk\u00e7a keyifliydi bu aral\u0131k da.<\/p>\n\n\n\n<figure class=\"wp-block-image\"><img loading=\"lazy\" decoding=\"async\" width=\"1024\" height=\"768\" src=\"http:\/\/www.zehrataskin.com\/wp-content\/uploads\/2019\/11\/sofia-1024x768.jpeg\" alt=\"\" class=\"wp-image-348\" srcset=\"https:\/\/www.zehrataskin.com\/wp-content\/uploads\/2019\/11\/sofia-1024x768.jpeg 1024w, https:\/\/www.zehrataskin.com\/wp-content\/uploads\/2019\/11\/sofia-300x225.jpeg 300w, https:\/\/www.zehrataskin.com\/wp-content\/uploads\/2019\/11\/sofia-768x576.jpeg 768w, https:\/\/www.zehrataskin.com\/wp-content\/uploads\/2019\/11\/sofia.jpeg 1600w\" sizes=\"auto, (max-width: 1024px) 100vw, 1024px\" \/><figcaption>Bulgaristan otoyolu<\/figcaption><\/figure>\n\n\n\n<p class=\"wp-block-paragraph\">Bulgaristan&#8217;da hi\u00e7 durmadan devam ettik. \u00d6nce Filibe, sonra da Sofya&#8230; Sofya&#8217;y\u0131 da \u00e7evre yolundan ge\u00e7tik. Telefona t\u00fcm yollar\u0131n haritalar\u0131n\u0131 indirdi\u011fimiz i\u00e7in hi\u00e7 sorun ya\u015famad\u0131k yollar\u0131 bulmakta. Sofya&#8217;dan sonra yol yap\u0131m \u00e7al\u0131\u015fmas\u0131 vard\u0131 ve \u00e7ok k\u00f6t\u00fc yollardan ge\u00e7tik k\u0131sa bir s\u00fcre. A\u011f\u0131r tonajl\u0131 kamyonlar\u0131n bozdu\u011fu Arnavut kald\u0131r\u0131m\u0131ndan uzun s\u00fcre gitti\u011finizi d\u00fc\u015f\u00fcn\u00fcn, \u00f6yle. T\u0131k\u0131rt\u0131k\u0131rt\u0131k\u0131rt\u0131k\u0131r. S\u0131rbistan kap\u0131s\u0131na 100 metre kala vinyet kontrol\u00fc yap\u0131ld\u0131. Biz de telefondan \u00f6deme makbuzunu g\u00f6sterdik, ge\u00e7 dediler. Bulgaristan&#8217;\u0131 boydan boya k\u0131sa s\u00fcrede ge\u00e7ip ilk a\u015famay\u0131 tamamlam\u0131\u015f olduk. S\u0131ra gelmi\u015fti art\u0131k ikici a\u015fama olan S\u0131rbistan&#8217;a&#8230;. <\/p>\n\n\n\n<h3 class=\"wp-block-heading\">Welcome to Serbia!<\/h3>\n\n\n\n<figure class=\"wp-block-image\"><img loading=\"lazy\" decoding=\"async\" width=\"1024\" height=\"444\" src=\"http:\/\/www.zehrataskin.com\/wp-content\/uploads\/2019\/11\/Serbia-1-1024x444.jpeg\" alt=\"\" class=\"wp-image-350\" srcset=\"https:\/\/www.zehrataskin.com\/wp-content\/uploads\/2019\/11\/Serbia-1-1024x444.jpeg 1024w, https:\/\/www.zehrataskin.com\/wp-content\/uploads\/2019\/11\/Serbia-1-300x130.jpeg 300w, https:\/\/www.zehrataskin.com\/wp-content\/uploads\/2019\/11\/Serbia-1-768x333.jpeg 768w, https:\/\/www.zehrataskin.com\/wp-content\/uploads\/2019\/11\/Serbia-1.jpeg 1039w\" sizes=\"auto, (max-width: 1024px) 100vw, 1024px\" \/><figcaption>S\u0131rbistan s\u0131n\u0131r kap\u0131s\u0131<\/figcaption><\/figure>\n\n\n\n<p class=\"wp-block-paragraph\">S\u0131rbistan s\u0131n\u0131r kap\u0131s\u0131na geldi\u011fimizde ise \u00f6n\u00fcm\u00fczde sadece 3-4 ara\u00e7 vard\u0131. Yine de yar\u0131m saat bekledik san\u0131r\u0131m. Pasaport kontrol\u00fc sonras\u0131 beyan edece\u011finiz bir \u015fey var m\u0131 dediler o kadar. Bagaj ve port bagaj burada hi\u00e7 a\u00e7\u0131lmad\u0131. Hava durumu tahminleri Belgrad&#8217;a girdi\u011fimiz anda ya\u011fmur g\u00f6steriyordu. D\u00f6rt bu\u00e7uk saatlik yol kalm\u0131\u015ft\u0131 Belgrad i\u00e7in. \u015eaka maka 8 saattir yoldayd\u0131k ve daha en az 4 saat daha vard\u0131. <\/p>\n\n\n\n<p class=\"wp-block-paragraph\">S\u0131rbistan&#8217;da otoyollar bizim eski nakit usul\u00fc. Kap\u0131dan ge\u00e7erken fi\u015f al\u0131p \u00e7\u0131karken gitti\u011finiz yol kadar para \u00f6d\u00fcyorsunuz. Belgrad&#8217;da otoyoldan \u00e7\u0131kmak \u015fart. Biz toplamda S\u0131rbistan s\u0131n\u0131rlar\u0131 i\u00e7inde otoyola 15,5 euro verdik. Yollar Bulgaristan&#8217;a g\u00f6re \u00e7ok \u00e7ok iyiydi. Hatta bize Ni\u015f&#8217;e kadar yollar\u0131n k\u00f6t\u00fc oldu\u011fu s\u00f6ylenmi\u015fti ama bilgi eski, yollar\u0131n \u00e7o\u011fu yap\u0131lm\u0131\u015f. \u00c7ok k\u0131sa da\u011fl\u0131k bir yol var sadece d\u00fcnya kadar t\u00fcnelden ge\u00e7ti\u011finiz (Ni\u015f \u00f6ncesi). Korkutucu ama \u00e7ok g\u00fczel. D\u00fcnyada g\u00f6r\u00fclebilecek g\u00fczel manzaralardan biri bence. \u0130nternet&#8217;te aray\u0131nca videosunu buldum (ben ki korkar\u0131m eski t\u00fcnellerden ge\u00e7erken). Biri videosunu \u00e7ekmi\u015f, \u015furada: <\/p>\n\n\n\n<figure class=\"wp-block-embed is-type-video is-provider-youtube wp-block-embed-youtube\"><div class=\"wp-block-embed__wrapper\">\n<iframe loading=\"lazy\" title=\"Ni\u0161 Tunnels\" width=\"500\" height=\"281\" src=\"https:\/\/www.youtube.com\/embed\/qjZ25pQ72Hs?feature=oembed\" frameborder=\"0\" allow=\"accelerometer; autoplay; clipboard-write; encrypted-media; gyroscope; picture-in-picture; web-share\" referrerpolicy=\"strict-origin-when-cross-origin\" allowfullscreen><\/iframe>\n<\/div><figcaption>Ni\u015f t\u00fcnelleri&#8230;<\/figcaption><\/figure>\n\n\n\n<p class=\"wp-block-paragraph\">Ni\u015f&#8217;ten sonra \u00e7i\u00e7ek gibi otoyol vard\u0131. Otoyolun her noktas\u0131nda T\u00fcrk\u00e7e tabelalar ve T\u00fcrk restoranlar\u0131 vard\u0131 Almanya veya di\u011fer yerlerde ya\u015fayan T\u00fcrkler i\u00e7in yap\u0131lm\u0131\u015f. Bayburtlu, helal yemek gibi \u00e7ok tabela g\u00f6rmek m\u00fcmk\u00fcn. \u0130nsan bir \u015fa\u015f\u0131rm\u0131yor de\u011fil. <\/p>\n\n\n\n<p class=\"wp-block-paragraph\">Normalde bu kadar uzun yolculukta \u00e7ok yorulurduk belki ama otoyol o kadar iyiydi ki son d\u00fczl\u00fckte \u00e7ok da s\u0131k\u0131nt\u0131 \u00e7ekmedik. Tam da hava tahminlerinde oldu\u011fu gibi Belgrad&#8217;a girdi\u011fimizde ya\u011fmur ba\u015flad\u0131. Daha \u00f6nceden Booking.com \u00fczerinden Zemun b\u00f6lgesinde bir otel ayarlam\u0131\u015ft\u0131k (Garni Hotel D10).Yorumlar\u0131 \u00e7ok iyiydi. Bizim i\u00e7in otoparkl\u0131 ve kahvalt\u0131 dahil olmas\u0131 \u00f6nemli idi se\u00e7im a\u015famas\u0131nda. \u00c7ok do\u011fru bir tercih yapt\u0131\u011f\u0131m\u0131z\u0131 anlad\u0131k gitti\u011fimiz andan itibaren. \u0130nsan s\u0131rf kahvalt\u0131 yapmaya gidebilir oraya, o derece. Zaten kahvalt\u0131da fark ettik ki genelde uzun yolculu\u011fa \u00e7\u0131kanlar\u0131n ilk dura\u011f\u0131 hep bu otelmi\u015f. \u0130yi dinlenebilmek i\u00e7in otel \u00e7ok \u00f6nemliydi, iyi de dinlendik. Otelin tavsiyesiyle soka\u011f\u0131n k\u00f6\u015fesinde bulunan Balkan Ekspres restoran\u0131nda yemek yedik. Bence g\u00fczel bir se\u00e7enekti o da. <\/p>\n\n\n\n<p class=\"wp-block-paragraph\">Sabah kahvalt\u0131y\u0131 yap\u0131p yola koyulduk. Bug\u00fcn daha \u00e7ok \u00fclkeden ge\u00e7ecek ama daha az araba kullanacakt\u0131k. \u0130lk g\u00fcn 13 saate yakla\u015fan yolculuk ikinci g\u00fcn sadece 7 saat s\u00fcrecekti. <\/p>\n\n\n\n<h4 class=\"wp-block-heading\">Budape\u015fte trafi\u011fi&#8230;<\/h4>\n\n\n\n<p class=\"wp-block-paragraph\">S\u0131rbistan AB \u00fcyesi olmad\u0131\u011f\u0131 i\u00e7in Macaristan s\u0131n\u0131r kap\u0131s\u0131 AB&#8217;ye giri\u015f anlam\u0131na geliyordu ve sonras\u0131nda s\u0131n\u0131r kap\u0131s\u0131 yoktu. Yani ge\u00e7ilecek son s\u0131n\u0131r kap\u0131s\u0131na gelmi\u015ftik art\u0131k. Nereye gitti\u011fimizi sorup bagaj ve port bagaj\u0131 a\u00e7\u0131p sadece bir g\u00f6z gezdirdikten sonra bariyeri kald\u0131rd\u0131lar orada da. S\u0131k\u0131nt\u0131s\u0131zca son kap\u0131y\u0131 da a\u015fm\u0131\u015ft\u0131k. <\/p>\n\n\n\n<p class=\"wp-block-paragraph\">Budape\u015fte&#8217;nin yollar\u0131 da olduk\u00e7a iyiydi ama burada da trafik \u00e7ok h\u0131zl\u0131 ak\u0131yordu ayn\u0131 Bulgaristan&#8217;da oldu\u011fu gibi. Yol manzaralar\u0131 \u00e7ok g\u00fczeldi. \u00c7ok keyif ald\u0131k. Sadece Budape\u015fte \u00e7evre yoluna girerken bizi bekleyen s\u00fcrprizden bihaberdik. Trafik bilgisi alamad\u0131\u011f\u0131m\u0131z i\u00e7in do\u011frudan trafi\u011fin i\u00e7ine d\u00fc\u015ft\u00fck. Yol \u00e7al\u0131\u015fmas\u0131 vard\u0131 ve \u00e7ok say\u0131da t\u0131r da olunca kabusa d\u00f6nm\u00fc\u015ft\u00fc trafik. Bu arada trafikte art\u0131k az say\u0131da TR plaka kald\u0131\u011f\u0131 i\u00e7in yollarda her g\u00f6ren korna \u00e7al\u0131yordu. Almanya ve Avusturya plakal\u0131 ara\u00e7lar yan\u0131m\u0131zdan ge\u00e7erken korna \u00e7al\u0131nca ba\u015fta anlam verememi\u015ftik ama biraz d\u00fc\u015f\u00fcn\u00fcnce bunun T\u00fcrkler aras\u0131nda geli\u015ftirilmi\u015f bir al\u0131\u015fkanl\u0131k oldu\u011funu anlamak zor olmad\u0131.<\/p>\n\n\n\n<figure class=\"wp-block-image\"><img loading=\"lazy\" decoding=\"async\" width=\"1024\" height=\"768\" src=\"http:\/\/www.zehrataskin.com\/wp-content\/uploads\/2019\/11\/Budapest2-1024x768.jpeg\" alt=\"\" class=\"wp-image-356\" srcset=\"https:\/\/www.zehrataskin.com\/wp-content\/uploads\/2019\/11\/Budapest2-1024x768.jpeg 1024w, https:\/\/www.zehrataskin.com\/wp-content\/uploads\/2019\/11\/Budapest2-300x225.jpeg 300w, https:\/\/www.zehrataskin.com\/wp-content\/uploads\/2019\/11\/Budapest2-768x576.jpeg 768w, https:\/\/www.zehrataskin.com\/wp-content\/uploads\/2019\/11\/Budapest2.jpeg 1600w\" sizes=\"auto, (max-width: 1024px) 100vw, 1024px\" \/><figcaption>Macaristan r\u00fczgar t\u00fcrbinleri<\/figcaption><\/figure>\n\n\n\n<p class=\"wp-block-paragraph\">Unutmadan yazay\u0131m, Macaristan otoyollar\u0131 i\u00e7in de 12 Euro \u00f6deme yapt\u0131k yola \u00e7\u0131kmadan \u015fu web sayfas\u0131ndan:  <a href=\"http:\/\/toll-charge.hu\/\">http:\/\/toll-charge.hu<\/a>. Macaristan&#8217;da kontrolden ge\u00e7medik ancak plaka okuyorlard\u0131r diye tahmin ediyorum. Yollarda radar say\u0131s\u0131 olduk\u00e7a fazlayd\u0131. <\/p>\n\n\n\n<h4 class=\"wp-block-heading\">Slovakya&#8217;n\u0131n k\u0131y\u0131s\u0131ndan k\u0131y\u0131s\u0131ndan&#8230;<\/h4>\n\n\n\n<p class=\"wp-block-paragraph\">5 saat gibi bir s\u00fcrede Macaristan topraklar\u0131ndan \u00e7\u0131kt\u0131k. S\u0131ra gelmi\u015fti ucundan ge\u00e7ece\u011fimiz Slovakya&#8217;ya. Hay\u0131r ger\u00e7ekten ucundan. \u015euradan ge\u00e7ebilmek i\u00e7in yola \u00e7\u0131kmadan \u00f6nce 10 Euro \u00f6dedik  <a href=\"https:\/\/eznamka.sk\/selfcare\/purchase\/\">https:\/\/eznamka.sk\/selfcare\/purchase\/<\/a> adresinden. Ha ama \u00e7ok g\u00fczel ormanl\u0131k alanlardan ve g\u00fczel yollardan ge\u00e7tik. \u00c7ok keyifli idi Slovakya yollar\u0131. Ad\u0131m ad\u0131m art\u0131k ikinci dura\u011f\u0131m\u0131z olan Brno&#8217;ya geliyorduk. <\/p>\n\n\n<div class=\"wp-block-image\">\n<figure class=\"aligncenter\"><img loading=\"lazy\" decoding=\"async\" width=\"451\" height=\"253\" src=\"http:\/\/www.zehrataskin.com\/wp-content\/uploads\/2019\/11\/image.png\" alt=\"\" class=\"wp-image-359\" srcset=\"https:\/\/www.zehrataskin.com\/wp-content\/uploads\/2019\/11\/image.png 451w, https:\/\/www.zehrataskin.com\/wp-content\/uploads\/2019\/11\/image-300x168.png 300w\" sizes=\"auto, (max-width: 451px) 100vw, 451px\" \/><figcaption>Slovakya&#8217;dan k\u0131y\u0131n k\u0131y\u0131n gitmek temal\u0131&#8230;<\/figcaption><\/figure>\n<\/div>\n\n\n<h4 class=\"wp-block-heading\">Brno&#8230; Hissedilen s\u0131cakl\u0131k -2&#8230;<\/h4>\n\n\n\n<p class=\"wp-block-paragraph\">\u00c7ekya&#8217;ya girer girmez ilk istasyonda durup vinyet ald\u0131k \u00e7\u00fcnk\u00fc \u00c7ekya vinyeti \u0130nternet \u00fczerinden sat\u0131lm\u0131yordu. En pahal\u0131 vinyeti 15 euro \u00f6deyerek burada sat\u0131n ald\u0131k ancak yollar fecaatti. T\u0131rlar\u0131n bozdu\u011fu ve s\u00fcrekli z\u0131playan yolda araban\u0131n bilye bile kayd\u0131. Bizi yak\u0131n zamanda servis yollar\u0131 bekliyor k\u0131saca. Araba bize \u00e7\u0131kard\u0131\u011f\u0131 ses ile bir mesaj iletmeye \u00e7al\u0131\u015f\u0131yor: vuvuuvuuuvuuuu&#8230;<\/p>\n\n\n\n<p class=\"wp-block-paragraph\">Brno&#8217;da kalaca\u011f\u0131m\u0131z oteli bu kez merkeze yak\u0131n bir yerden se\u00e7tik, yine Booking.com \u00fczerinden (Hotel Omega). Kapal\u0131 otopark\u0131 vard\u0131 ve olduk\u00e7a yeterliydi bir gece i\u00e7in. Hava ise buz gibiydi. Biz T\u00fcrkiye&#8217;den ayr\u0131ld\u0131\u011f\u0131m\u0131zda 20 dereceydi araban\u0131n termometresi, Brno&#8217;ya girdi\u011fimizde -1. \u00fcstlerimizde deri montlarla g\u00fczel \u00fc\u015f\u00fcd\u00fck birka\u00e7 saatte. Hasta olmasak bari diyerek \u00e7akt\u0131k multivitamin tabletlerini. <\/p>\n\n\n\n<figure class=\"wp-block-video aligncenter\"><video height=\"352\" style=\"aspect-ratio: 640 \/ 352;\" width=\"640\" controls src=\"http:\/\/www.zehrataskin.com\/wp-content\/uploads\/2019\/11\/Brno_so\u011fuk.mp4\"><\/video><figcaption>Donuyoruz&#8230; <\/figcaption><\/figure>\n\n\n\n<p class=\"wp-block-paragraph\">Bu arada pek \u00e7ok yer kapal\u0131yd\u0131 Brno&#8217;da (belki haloween \u00f6ncesi oldu\u011fu i\u00e7in, belki gitti\u011fimiz saatten dolay\u0131). Biz yine de yemek yiyecek \u015fahane bir \u0130talyan restoran\u0131 bulduk: &#8220;Snack Bar Adria&#8221;. Ac\u0131km\u0131\u015f\u0131z. Namnamnam. <\/p>\n\n\n\n<p class=\"wp-block-paragraph\">O gece Brno&#8217;da kald\u0131ktan hemen sonra sabah erkenden yola \u00e7\u0131kt\u0131k, art\u0131k ger\u00e7ekten son d\u00fczl\u00fc\u011fe gelmi\u015ftik. Ge\u00e7ilecek tek s\u0131n\u0131r Polonya idi art\u0131k. <\/p>\n\n\n\n<h4 class=\"wp-block-heading\">Polonya&#8217;ya giri\u015f&#8230;<\/h4>\n\n\n\n<p class=\"wp-block-paragraph\">Polonya&#8217;da da S\u0131rbistan&#8217;daki gibi otoyol sistemi vard\u0131, yani \u00f6nce bilet al\u0131p ard\u0131ndan ge\u00e7ti\u011fin yol kadar \u00f6demek gibi. Sadece gi\u015felerde \u00e7ok uzun kuyruklar olu\u015fuyordu kalabal\u0131ktan. Biz yanl\u0131\u015fl\u0131kla HGS yoluna ge\u00e7tik ama sonra hatay\u0131 d\u00fczelttik. \u00c7i\u00e7ek gibi oldu. <\/p>\n\n\n\n<p class=\"wp-block-paragraph\">Yollar\u0131 \u015fahaneydi Polonya&#8217;n\u0131n. Sadece \u00e7ok sis vard\u0131 ve \u00e7ok so\u011fuktu d\u0131\u015far\u0131s\u0131. Ancak sonra sonra \u00e7ok a\u00e7\u0131ld\u0131, \u0131\u015f\u0131l \u0131\u015f\u0131l oldu g\u00f6ky\u00fcz\u00fc. \u00c7ok g\u00fczel ormanl\u0131k alanlardan ge\u00e7tik. <\/p>\n\n\n\n<p class=\"wp-block-paragraph\">Poznan&#8217;a bir saat kala \u00e7ok b\u00fcy\u00fck bir yol \u00e7al\u0131\u015fmas\u0131na denk geldik. Uzun s\u00fcre bekledik yolda ama 3 g\u00fcnl\u00fck yolculu\u011fun ard\u0131ndan sonunda 2 y\u0131l ya\u015fayaca\u011f\u0131m\u0131z yeni evimizdeydik. Ertesi g\u00fcn 1 Kas\u0131m Azizler G\u00fcn\u00fc olacakt\u0131 ve her yer kapal\u0131yd\u0131. O y\u00fczden gider gitmez yorgunluk falan dinlemeden dia de los muertos kutlayan bir Meksika restoran\u0131na gidip keyfini \u00e7\u0131kard\u0131k ilk g\u00fcn\u00fcn. \u00c7\u00fcnk\u00fc Coco&#8217;dan beri \u00e7ok seviyoruz bu adeti. <\/p>\n\n\n\n<p class=\"wp-block-paragraph\">Yol boyunca 3 depoya yak\u0131n benzin harcad\u0131k. Otoyol \u00fccretleri, yolda yenilen yemekler, otel \u00fccretleri vs. derken muhtemelen u\u00e7ak ile ayn\u0131 kap\u0131ya geldi bu seyahat ancak hem burada kullan\u0131lacak bir arabam\u0131z var, hem de unutulmayacak bir seyahat ge\u00e7irdik 3 g\u00fcnde. Yenileri i\u00e7in de \u00e7ok haz\u0131r\u0131z. <\/p>\n\n\n\n<p class=\"wp-block-paragraph\">Yol ile ilgili sorular\u0131n\u0131z olursa yaz\u0131n, elimden geldi\u011fince cevaplamaya \u00e7al\u0131\u015f\u0131r\u0131m: zehrayanar@gmail.com <\/p>\n\n\n\n<figure class=\"wp-block-image\"><img loading=\"lazy\" decoding=\"async\" width=\"889\" height=\"871\" src=\"http:\/\/www.zehrataskin.com\/wp-content\/uploads\/2019\/11\/kilometre.jpeg\" alt=\"\" class=\"wp-image-353\" srcset=\"https:\/\/www.zehrataskin.com\/wp-content\/uploads\/2019\/11\/kilometre.jpeg 889w, https:\/\/www.zehrataskin.com\/wp-content\/uploads\/2019\/11\/kilometre-300x294.jpeg 300w, https:\/\/www.zehrataskin.com\/wp-content\/uploads\/2019\/11\/kilometre-768x752.jpeg 768w\" sizes=\"auto, (max-width: 889px) 100vw, 889px\" \/><figcaption>Bu da 2971 kilometrelik yolculu\u011fun kan\u0131t\u0131. Ankara&#8217;dan \u00e7\u0131karken s\u0131f\u0131rlam\u0131\u015ft\u0131k. <br \/>Araban\u0131n farlar\u0131 otomatik ama ge\u00e7ti\u011fimiz \u00fclkelerde 24 saat a\u00e7\u0131k far uygulamas\u0131 oldu\u011fu i\u00e7in kendimize uyar\u0131 olarak koyduk &#8220;far&#8221; etiketini. Ancak g\u00f6rd\u00fc\u011f\u00fcm\u00fcz kadar\u0131yla g\u00fcnd\u00fcz far\u0131 da oluyor gibi. \u00c7\u00fcnk\u00fc neden olmas\u0131n \ud83d\ude42 <\/figcaption><\/figure>\n\n\n\n<p class=\"wp-block-paragraph\">* Bank Pekao&#8217;nun Unicredit anla\u015fmas\u0131 bitmi\u015f. Komisyonsuz para \u00e7ekmek hayal yani anlayaca\u011f\u0131n\u0131z. Banka mevzusu i\u00e7in uzun ba\u015fka blog yaz\u0131l\u0131r. \u0130\u00e7im \u015fi\u015fti yeminle. <\/p>\n\n\n\n<p class=\"wp-block-paragraph\">G\u00fcncelleme (01.05.2022): Blog yaz\u0131s\u0131n\u0131 yazd\u0131\u011f\u0131m g\u00fcnden bug\u00fcne \u00e7ok say\u0131da e-postaya yan\u0131t verdim &#8211; olduk\u00e7a sayg\u0131s\u0131z ve k\u00f6t\u00fc T\u00fcrk\u00e7e ile yaz\u0131lm\u0131\u015f olanlar d\u0131\u015f\u0131nda hepsine cevap verdim asl\u0131nda :=) cevap veremedi\u011fim ama \u00e7ok s\u0131k sorulan bir sorunun cevab\u0131n\u0131 buraya yazayim: Size vize verirler mi ger\u00e7ekten bilmiyorum. Ben Ye\u015fil Pasaport ile seyahat etti\u011fim i\u00e7in vize alm\u0131yorum. Vize ile ilgili sordu\u011funuz hi\u00e7bir soruya cevap verebilecek yetkinlikte de\u011filim. <\/p>\n\n\n\n<p class=\"wp-block-paragraph\">Biz 2021 Temmuz ay\u0131nda d\u00f6n\u00fc\u015f yapt\u0131k. D\u00f6n\u00fc\u015fte tek mola verdik. T\u00fcm otoyollar\u0131n \u00fccreti art\u0131k online \u00f6denebiliyor. Belgrad&#8217;da bu kez Marquise Hotel Garni&#8217;de kald\u0131k. Otopark\u0131 olmas\u0131 ve \u015fehir merkezinde olmas\u0131 tercih sebebi idi. Belgrad tatili yapm\u0131\u015f olduk bu vesile ile. Yaz\u0131n seyahat edecekseniz yollar ve s\u0131n\u0131r kap\u0131lar\u0131 kalabal\u0131k okuyor. Yan\u0131n\u0131zda nakit bulundurursan\u0131z iyi olur.<\/p>\n\n\n\n<p class=\"wp-block-paragraph\">Ara\u00e7ta film olup olmamas\u0131 da soruluyor. Bizim arabada arka camlarda film var. Hi\u00e7 sorun olmad\u0131.<\/p>\n\n\n\n<p class=\"wp-block-paragraph\">Son olarak Yap\u0131 Kredi&#8217;den hesap a\u00e7man\u0131z gerekti\u011fini s\u00f6yleyen kimseyi dinlemeyin. \u00c7\u00fcnk\u00fc \u00f6yle bir anla\u015fma yok. Ben gelir gelmez Santander&#8217;den hesap a\u00e7t\u0131rd\u0131m. Hesap a\u00e7t\u0131rmak i\u00e7in \u015fehir merkezindeki banka \u015fubelerine gidin. Kenar semtlerde \u0130ngilizce bilen bulmak zor. Her t\u00fcrl\u00fc transfer i\u00e7in de Wise kullanmak en mant\u0131kl\u0131s\u0131. Tabi ki \u00e7ok y\u00fcksek olmayan mebla\u011flar i\u00e7in. <\/p>\n\n\n\n<p class=\"wp-block-paragraph\"><\/p>\n","protected":false},"excerpt":{"rendered":"<p>Ge\u00e7en y\u0131l\u0131n Mart ay\u0131nda Polonya&#8217;n\u0131n Ulusal Ajans\u0131 NAWA Poland&#8217;\u0131n ULAM Program\u0131na ba\u015fvurdum. Program detaylar\u0131, projenin a\u00e7\u0131klamalar\u0131 ve akademik nitelikteki di\u011fer her \u015fey web sayfam\u0131n ilgili&#8230;<\/p>\n<div class=\"more-link-wrapper\"><a class=\"more-link\" href=\"https:\/\/www.zehrataskin.com\/index.php\/2019\/11\/02\/2971-kilometrelik-yolculuk-arabayla-turkiyeden-polonyaya\/\">Devam\u0131n\u0131 okuyun<span class=\"screen-reader-text\">2971 kilometrelik yolculuk&#8230; Arabayla T\u00fcrkiye&#8217;den Polonya&#8217;ya&#8230;<\/span><\/a><\/div>\n","protected":false},"author":1,"featured_media":0,"comment_status":"open","ping_status":"open","sticky":false,"template":"","format":"standard","meta":{"_jetpack_newsletter_access":"","_jetpack_dont_email_post_to_subs":false,"_jetpack_newsletter_tier_id":0,"_jetpack_memberships_contains_paywalled_content":false,"_jetpack_feature_clip_id":0,"_jetpack_memberships_contains_paid_content":false,"footnotes":"","jetpack_post_was_ever_published":false},"categories":[1],"tags":[6,8],"class_list":["post-340","post","type-post","status-publish","format-standard","hentry","category-genel","tag-arabayla-yurtdisina-cikmak","tag-otomobille-avrupa-turu","entry"],"jetpack_sharing_enabled":true,"jetpack_featured_media_url":"","_links":{"self":[{"href":"https:\/\/www.zehrataskin.com\/index.php\/wp-json\/wp\/v2\/posts\/340","targetHints":{"allow":["GET"]}}],"collection":[{"href":"https:\/\/www.zehrataskin.com\/index.php\/wp-json\/wp\/v2\/posts"}],"about":[{"href":"https:\/\/www.zehrataskin.com\/index.php\/wp-json\/wp\/v2\/types\/post"}],"author":[{"embeddable":true,"href":"https:\/\/www.zehrataskin.com\/index.php\/wp-json\/wp\/v2\/users\/1"}],"replies":[{"embeddable":true,"href":"https:\/\/www.zehrataskin.com\/index.php\/wp-json\/wp\/v2\/comments?post=340"}],"version-history":[{"count":23,"href":"https:\/\/www.zehrataskin.com\/index.php\/wp-json\/wp\/v2\/posts\/340\/revisions"}],"predecessor-version":[{"id":957,"href":"https:\/\/www.zehrataskin.com\/index.php\/wp-json\/wp\/v2\/posts\/340\/revisions\/957"}],"wp:attachment":[{"href":"https:\/\/www.zehrataskin.com\/index.php\/wp-json\/wp\/v2\/media?parent=340"}],"wp:term":[{"taxonomy":"category","embeddable":true,"href":"https:\/\/www.zehrataskin.com\/index.php\/wp-json\/wp\/v2\/categories?post=340"},{"taxonomy":"post_tag","embeddable":true,"href":"https:\/\/www.zehrataskin.com\/index.php\/wp-json\/wp\/v2\/tags?post=340"}],"curies":[{"name":"wp","href":"https:\/\/api.w.org\/{rel}","templated":true}]}}