{"id":938,"date":"2022-06-03T13:22:52","date_gmt":"2022-06-03T10:22:52","guid":{"rendered":"http:\/\/www.zehrataskin.com\/?p=938"},"modified":"2022-06-03T13:31:22","modified_gmt":"2022-06-03T10:31:22","slug":"arastirmacilarin-uluslararasi-algisi","status":"publish","type":"post","link":"https:\/\/www.zehrataskin.com\/index.php\/2022\/06\/03\/arastirmacilarin-uluslararasi-algisi\/","title":{"rendered":"Ara\u015ft\u0131rmac\u0131lar\u0131n &#8220;uluslararas\u0131&#8221; alg\u0131s\u0131"},"content":{"rendered":"\n<h2 class=\"wp-block-heading\"><em>Bir twitter anketinin d\u00fc\u015f\u00fcnd\u00fcrd\u00fckleri<\/em><\/h2>\n\n\n\n<p class=\"wp-block-paragraph\">Ge\u00e7en g\u00fcn s\u00f6z verdi\u011fim gibi a\u015fa\u011f\u0131daki anketin sonu\u00e7lar\u0131 \u0130ngilizce yaz\u0131lm\u0131\u015f bir &#8220;Akademisyenlerin uluslararas\u0131 dergi alg\u0131s\u0131: T\u00fcrkiye \u00f6rne\u011fi&#8221; makalesinin konusu olmad\u0131. <em>Sarka\u00e7<\/em>&#8216;ta yak\u0131n zamanda yay\u0131nlanacak birka\u00e7 yaz\u0131m oldu\u011fundan ve ki\u015fisel blogum ilgisizli\u011fimden dolay\u0131 bana trip att\u0131\u011f\u0131ndan bu anketin sonu\u00e7lar\u0131n\u0131 bir blog yaz\u0131s\u0131na d\u00f6n\u00fc\u015ft\u00fcrmek en do\u011fru karard\u0131. E hadi \u00f6nce tweetleri ve sonu\u00e7lar\u0131n\u0131 hat\u0131rlatarak ba\u015flayay\u0131m: <\/p>\n\n\n\n<figure class=\"wp-block-image size-full is-resized\"><img loading=\"lazy\" decoding=\"async\" src=\"http:\/\/www.zehrataskin.com\/wp-content\/uploads\/2022\/06\/image.png\" alt=\"\" class=\"wp-image-939\" width=\"512\" height=\"630\" srcset=\"https:\/\/www.zehrataskin.com\/wp-content\/uploads\/2022\/06\/image.png 512w, https:\/\/www.zehrataskin.com\/wp-content\/uploads\/2022\/06\/image-244x300.png 244w\" sizes=\"auto, (max-width: 512px) 100vw, 512px\" \/><figcaption>Blog yaz\u0131s\u0131n\u0131 yazma gerek\u00e7em olan tweetler (* Twitter anketi i\u00e7in evren-\u00f6rneklem sa\u00e7malar\u0131ndan se\u00e7meler: Takip\u00e7i say\u0131m 6000&#8217;in biraz \u00fcst\u00fc. \u0130lk anketi 1881 ki\u015fi g\u00f6rm\u00fc\u015f, ikinciyi 1084. Ka\u00e7 ki\u015finin oy verdi\u011fi g\u00f6r\u00fcnt\u00fclerde var. Yani anket hi\u00e7bir grubu, z\u00fcmreyi veya alan\u0131 temsil etmiyor. Ona g\u00f6re okuyun :=)<\/figcaption><\/figure>\n\n\n\n<p class=\"wp-block-paragraph\">Asl\u0131nda bu uluslararas\u0131\/ulusal ayr\u0131m\u0131n\u0131n kavramsalla\u015ft\u0131r\u0131lma sorunu uzunca s\u00fcredir yazmak istedi\u011fim bir konuydu. Bu hafta d\u00fczenledi\u011fimiz <a href=\"https:\/\/sc.amu.edu.pl\/\">SCRG<\/a> seminerimizde ekibimize yeni kat\u0131lan doktora \u00f6\u011frencisi Rasmus Harsbo&#8217;nun doktora \u00e7al\u0131\u015fmas\u0131n\u0131n ilk bulgular\u0131n\u0131 dinledi\u011fimde bu yaz\u0131y\u0131 geciktirmeden yazmam gerekti\u011fini hissettim. Uluslararas\u0131la\u015fma nas\u0131l sa\u011flan\u0131r? Uluslararas\u0131la\u015fma nedir? Se\u00e7ilen \u00fclkelerde nas\u0131l hayata ge\u00e7iriliyor gibi \u00e7ok fazla soru var o \u00e7al\u0131\u015fmada. Bizim taraftan bak\u0131nca da &#8220;uluslararas\u0131la\u015fma&#8221;n\u0131n t\u00fcm \u00fcniversitelerimiz ve politika yap\u0131c\u0131 kurumlar i\u00e7in \u00e7ok b\u00fcy\u00fck \u00f6nem ta\u015f\u0131d\u0131\u011f\u0131n\u0131 g\u00f6rmek m\u00fcmk\u00fcn. \u00dcniversitelere verilen karnelerin en \u00f6nemli maddeleri uluslararas\u0131la\u015fma \u00fczerine. &#8220;Uluslararas\u0131&#8221; bilimsel yay\u0131nlar\u0131 te\u015fvik program\u0131m\u0131z var (UBYT). Do\u00e7entlik ve her \u00fcniversitenin kendine has y\u00fckselme sisteminde uluslararas\u0131la\u015fma vurgusu var ve en y\u00fcksek puan &#8220;uluslararas\u0131 indekslerde taranan uluslararas\u0131 dergilerde yay\u0131nlanm\u0131\u015f&#8221; makalelere veriliyor. Ancak hi\u00e7birinde uluslararas\u0131 ile ne kast edildi\u011fi net de\u011fil. Kavramsalla\u015ft\u0131rma do\u011fru yap\u0131lmad\u0131\u011f\u0131nda olan \u015fey de tweetlerde sordu\u011fum sorular\u0131n kar\u015f\u0131l\u0131\u011f\u0131. En y\u00fcksek puan &#8220;uluslararas\u0131&#8221; dergilere verildi\u011finden \u00e7al\u0131\u015fmalar\u0131n konusundan ba\u011f\u0131ms\u0131z olarak neredeyse t\u00fcm makaleler (3 ulusal makale \u015fart\u0131 d\u0131\u015f\u0131nda kalan t\u00fcm makaleler diyelim) \u00f6nce \u0130ngilizce yaz\u0131l\u0131yor ve alan\u0131n &#8220;uluslararas\u0131&#8221; dergilerinde \u015fans deneniyor. Bu form\u00fcl tutmazsa son \u00e7are olarak &#8220;ulusal&#8221; dergiler deneniyor. Bu kavramlar\u0131 hala t\u0131rnak i\u00e7inde yaz\u0131yorum \u00e7\u00fcnk\u00fc neredeyse hi\u00e7bir politika metninde uluslararas\u0131-ulusal ayr\u0131m\u0131 net de\u011fil. Bu yaz\u0131n\u0131n sonunda benim uluslararas\u0131-ulusal ayr\u0131m\u0131 i\u00e7in tavsiyelerimi okuyacaks\u0131n\u0131z. Kat\u0131labilir, kat\u0131lmayabilir, katk\u0131 sa\u011flayabilirsiniz. Blogun yorum b\u00f6l\u00fcm\u00fc katk\u0131lar\u0131n\u0131z i\u00e7in bekliyor. <\/p>\n\n\n\n<h2 class=\"wp-block-heading\">&#8220;Ulusal&#8221; dergide \u0130ngilizce makaleler<\/h2>\n\n\n\n<p class=\"wp-block-paragraph\">\u0130\u00e7eri\u011finin neredeyse tamam\u0131 T\u00fcrkiye&#8217;de g\u00f6rev yapan akademisyenler taraf\u0131ndan olu\u015fturulmu\u015f, edit\u00f6r ve hakem kurullar\u0131 T\u00fcrkiye&#8217;de g\u00f6rev yapan ara\u015ft\u0131rmac\u0131lardan olu\u015fan dergilerde \u0130ngilizce makale g\u00f6rd\u00fc\u011f\u00fcmde akl\u0131mda hep ayn\u0131 soru olu\u015fuyor: Neden? Okuyucu kitlesini genellikle o konuda uygulamada \u00e7al\u0131\u015fan ve o \u00fclkede konu\u015fulan dili konu\u015fan ki\u015filerin olu\u015fturdu\u011fu yerel\/b\u00f6lgesel dergilerde neden \u0130ngilizce makale yay\u0131nlan\u0131yor. Anket sorusuna yan\u0131t verenlerin \u00e7o\u011fu buna &#8220;ret sonras\u0131 son durak&#8221; yan\u0131t\u0131 verdi. Benim g\u00f6r\u00fc\u015f\u00fcm de bu y\u00f6nde san\u0131r\u0131m. Y\u00fckselme\/te\u015fvik ama\u00e7l\u0131 oldu\u011funu s\u00f6yleyenler de var. Asl\u0131nda ikisi birbiriyle ba\u011flant\u0131l\u0131. Say\u0131lar\u0131 az da olsa bilime katk\u0131 ama\u00e7l\u0131 diyen de yok de\u011fil. \u00d6ncelikle \u015funu belirteyim: Bu bir yarg\u0131lama yaz\u0131s\u0131 de\u011fil. Mevcut akademik sorunlar\u0131n sebebi ara\u015ft\u0131rma de\u011ferlendirme sistemleri. Bu yaz\u0131 bir g\u00fcnah ke\u00e7isi arama yaz\u0131s\u0131 da de\u011fil. Ulusal dergilerde \u0130ngilizce yay\u0131n yapan akademisyenleri &#8220;g\u00f6mmek&#8221; ve t\u00fcm su\u00e7u onlar\u0131n \u00fcst\u00fcne atmak i\u00e7in de yaz\u0131lmad\u0131. Yaz\u0131 \u00fclkenin ve neredeyse t\u00fcm akademinin yay\u0131n pratiklerini bozan mevcut de\u011ferlendirme sistemleri ve etkileri \u00fczerine yaz\u0131ld\u0131.<\/p>\n\n\n\n<p class=\"wp-block-paragraph\">Bu noktada daha ilerlemeden konuya bak\u0131\u015f a\u00e7\u0131mla ilgili k\u00fc\u00e7\u00fck bir ayr\u0131nt\u0131 daha vereyim. Aylard\u0131r \u00fcst\u00fcnde \u00e7al\u0131\u015ft\u0131\u011f\u0131m\u0131z bir makale geliyor. Biraz sansasyonel. Ba\u015fl\u0131\u011f\u0131 &#8220;ya\u011fmac\u0131 dergilerde yay\u0131nlanan t\u00fcm makaleler ger\u00e7ekten de\u011fersiz mi?&#8221; Sonu\u00e7 b\u00f6l\u00fcm\u00fcnde yazarken \u00e7ok keyif ald\u0131\u011f\u0131m bir k\u0131s\u0131m var. Makalenin sonu\u00e7lar\u0131ndan hareketle \u00f6zetle diyoruz ki: &#8220;dergi ya\u011fmac\u0131 olur, yay\u0131nc\u0131 ya\u011fmac\u0131 olur ama makale ya\u011fmac\u0131 olmaz. \u0130yi ya da k\u00f6t\u00fc olur, kaliteli ya da kalitesiz olur, bilime katk\u0131 sa\u011flar ya da sa\u011flamaz&#8221;. O y\u00fczden bu yaz\u0131daki \u00e7\u0131kar\u0131mlar\u0131 da bu a\u00e7\u0131dan de\u011ferlendirirseniz sevinirim. <\/p>\n\n\n\n<p class=\"wp-block-paragraph\">Temel soru \u015fu: &#8220;Bilimsel ara\u015ft\u0131rma neden yap\u0131l\u0131r?&#8221; veya &#8220;bilimsel makale neden yay\u0131nlan\u0131r?&#8221; Yani ara\u015ft\u0131rmac\u0131lar\u0131 ara\u015ft\u0131rma yapmaya y\u00f6nelten tetikleyici ne? Merak m\u0131? K\u00fcresel\/b\u00f6lgesel sorunlar m\u0131? \u0130klim de\u011fi\u015fikli\u011fi mi, covid mi, g\u00f6\u00e7 m\u00fc, sava\u015f m\u0131? Neden her g\u00fcn kimsenin okumad\u0131\u011f\u0131 y\u00fczlerce makale yay\u0131nlan\u0131yor? Bu makaleler bilime katk\u0131 yap\u0131yor mu? Yapmak zorunda m\u0131? &#8230;<\/p>\n\n\n\n<p class=\"wp-block-paragraph\">Bu sorular\u0131 \u00e7o\u011faltmak m\u00fcmk\u00fcn. Ancak tam tersi durumlar da var. T\u00fcrk\u00e7e yazd\u0131\u011f\u0131n\u0131z ve T\u00fcrkiye&#8217;deki ulusal dergilere g\u00f6nderdi\u011finiz bir makaleyi o dergilerden ald\u0131\u011f\u0131n\u0131z ret karar\u0131n\u0131n ard\u0131ndan \u0130ngilizceye \u00e7evirip uluslararas\u0131 (hatta WoS indeksli) bir dergiye kabul ettirebilirsiniz de. Buna loto veya \u015fans da diyebilirsiniz, ulusal dergilerin kaliteden anlam\u0131yor oldu\u011funu veya yanl\u0131 olduklar\u0131n\u0131 da iddia edebilirsiniz. \u0130kisinin de do\u011fru oldu\u011fu zamanlar var. Her olay kendi i\u00e7inde de\u011ferlendirilmesi gerekti\u011fi i\u00e7in genelleme yapamayaca\u011f\u0131m ama t\u00fcm bu hikayede ana soru hala de\u011fi\u015fmiyor. Neden? Makalenin dilini belirleyen \u015fey ne? Kabul\/ret karar\u0131 m\u0131, hitap etti\u011fi kitle mi? <\/p>\n\n\n\n<p class=\"wp-block-paragraph\">Mevcut sistemde makalenin dilini belirleyen \u015fey akademik performans de\u011ferlendirme sistemi. E\u011fer &#8220;uluslararas\u0131&#8221; maddesinde s\u0131n\u0131flanacak makaleye ihtiyac\u0131n\u0131z varsa T\u00fcrkiye&#8217;deki X orman\u0131n\u0131n iyile\u015ftirilmesi i\u00e7in ormanc\u0131lara tavsiyeler sundu\u011funuz bir makaleyi \u0130ngilizce yazabilir, en az \u00fc\u00e7 ulusal makale \u015fart\u0131n\u0131 sa\u011flamak i\u00e7in 20 \u00fclkenin kar\u015f\u0131la\u015ft\u0131rmas\u0131n\u0131 yapt\u0131\u011f\u0131n\u0131z makaleyi ulusal bir dergide T\u00fcrk\u00e7e yay\u0131nlayabilirsiniz. \u00c7\u00fcnk\u00fc sistem b\u00f6yle \u00e7al\u0131\u015f\u0131yor. Bu se\u00e7imler de zaten k\u0131s\u0131tl\u0131 say\u0131da okuyucusu olan makalelerin ger\u00e7ek okuyucular\u0131na asla ula\u015famamas\u0131na sebep oluyor. <\/p>\n\n\n\n<h2 class=\"wp-block-heading\">Kime g\u00f6re &#8220;ulusal&#8221;, neye g\u00f6re &#8220;uluslararas\u0131&#8221;<\/h2>\n\n\n\n<p class=\"wp-block-paragraph\">\u0130kinci soruda sordu\u011fum \u015fey belli ki \u00e7ok daha kafa kar\u0131\u015ft\u0131r\u0131c\u0131. Bir dergiyi veya makaleyi uluslararas\u0131 yapan \u015fey ne? Malum, pek \u00e7ok derginin ad\u0131 &#8220;International Journal of&#8221; diye ba\u015fl\u0131yor. Bu &#8220;International journal&#8221;lar\u0131 uluslararas\u0131 yapan \u015fey ne? Hadi anketteki maddeler \u00fczerinden gidelim \u015fimdi: <\/p>\n\n\n\n<p class=\"wp-block-paragraph\"><strong>Kurullar\u0131 uluslararas\u0131<\/strong>: Yay\u0131n kurulunda yer alan edit\u00f6r ve hakemleri d\u00fcnyan\u0131n d\u00f6rt bir yan\u0131ndan ara\u015ft\u0131rmac\u0131lar\u0131n olu\u015fturdu\u011fu dergileri kast ediyorum burada. Do\u011fru, d\u00fcnyan\u0131n d\u00f6rt bir yan\u0131ndan edit\u00f6r kuruluna sahip olmak \u00f6nemli bir g\u00f6sterge olabilir ancak burada akademik te\u015fvik \u00f6dene\u011fi y\u00f6netmeli\u011findeki &#8220;kurullar\u0131nda en az 5 yabanc\u0131 akademisyen bulunan konferans uluslararas\u0131 say\u0131l\u0131r&#8221; maddesini ve bu maddeden sonra kurullara eklenen &#8220;yabanc\u0131&#8221; akademisyen isimlerini hat\u0131rlatmak isterim. Bu kurullar dinamik listeler oldu\u011fundan birilerini eklemek, \u00e7\u0131karmak, \u00e7arpmak kolay :=) \u00d6te yandan \u00f6rne\u011fin alan\u0131n\u0131z\u0131n \u00f6nemli bir \u00e7al\u0131\u015fma grubunun bir dergisi var. Kurulunun tamam\u0131 o ara\u015ft\u0131rma grubunda \u00e7al\u0131\u015fan ki\u015filerden olu\u015fuyor. Dolay\u0131s\u0131yla tek bir kurumdan ara\u015ft\u0131rmac\u0131lar var listede. Tek bir \u00fclkeden ve kurumdan ki\u015filer var diye bu dergi yerel\/b\u00f6lgesel\/ulusal m\u0131 oluyor yoksa bu madde biraz sorunlu olabilir mi?<\/p>\n\n\n\n<p class=\"wp-block-paragraph\"><strong>At\u0131f dizininde yer alan<\/strong>: \u00dclkemiz akademisinin tapt\u0131\u011f\u0131 bir de\u011ferlendirme arac\u0131 at\u0131f dizinleri: SCI, SSCI, A&amp;HCI. Biraz daha esnetirsek ESCI. \u0130nan\u0131lmaz inan\u0131\u015flar var. &#8220;Etki fakt\u00f6r\u00fc olmayan dergi ikinci s\u0131n\u0131f dergidir&#8221; \u00f6nermesine inanan da var, art\u0131k mevcut olmayan SCI ve Expanded ayr\u0131m\u0131n\u0131 kalbinde ya\u015fatanlar da. Hal b\u00f6yle olunca indekslerde yer alan dergilerin de uluslararas\u0131 say\u0131ld\u0131\u011f\u0131 bir d\u00fcnyaday\u0131z. Ancak Web of Science&#8217;\u0131n b\u00f6lgesel geni\u015fleme stratejisi sonras\u0131 dizinde yer alan yerel\/b\u00f6lgesel dergi say\u0131s\u0131 inan\u0131lmaz artt\u0131. ESCI zaten fikirde b\u00f6lgesel i\u00e7eri\u011fi geni\u015fletmek \u00fczere tasarland\u0131 :=) 1952&#8217;den beri yay\u0131nlanan T\u00fcrk K\u00fct\u00fcphanecili\u011fi dergisi de 2000&#8217;den beri yay\u0131nlanan Bilgi D\u00fcnyas\u0131 da ulusal dergi. Vallahi de ulusal dergi yahu :=) Scopus&#8217;ta veya ESCI&#8217;de dizinleniyor olmak bu dergileri uluslararas\u0131 dergi stat\u00fcs\u00fcne sokmuyor. Ulusal dergi olarak k\u0131ymetli, ulusal dergi olarak de\u011ferliler. \u00c7\u00fcnk\u00fc ama\u00e7lar\u0131 \u00fclkedeki k\u00fct\u00fcphanecilik ve bilgibilim literat\u00fcr\u00fcne katk\u0131 sa\u011flamak. Neden ulusal yay\u0131n pratiklerini bozma pahas\u0131na bu gibi k\u0131ymetli ulusal dergilerimizin yap\u0131s\u0131n\u0131 bozmay\u0131 g\u00f6ze al\u0131yoruz hi\u00e7 anlamad\u0131m, anlamayaca\u011f\u0131m. Bu bozulmaya eski blog yaz\u0131lar\u0131mdan biriyle \u00f6rnek vermek isterim. <a href=\"http:\/\/www.zehrataskin.com\/index.php\/2020\/08\/13\/bilimin-degerlendirilmesinde-cok-dillilik-uzerine\/\" target=\"_blank\" rel=\"noreferrer noopener\">http:\/\/www.zehrataskin.com\/index.php\/2020\/08\/13\/bilimin-degerlendirilmesinde-cok-dillilik-uzerine\/<\/a> L\u00fctfen bu yaz\u0131daki <em>Teknik Dergi<\/em> \u00f6rne\u011fini ve bu derginin neler ya\u015fad\u0131\u011f\u0131n\u0131 hat\u0131rlay\u0131n. \u00c7ok daha net olacak o zaman ne s\u00f6ylemek istedi\u011fim. <\/p>\n\n\n\n<p class=\"wp-block-paragraph\"><strong>Hitap etti\u011fi kitle uluslararas\u0131<\/strong>: Kendi anketime cevap verme hakk\u0131m olsa san\u0131r\u0131m bunu se\u00e7erdim. \u00c7o\u011funlu\u011fun bunu se\u00e7mesi de \u00e7ok ho\u015fuma gitti o y\u00fczden. Tek sorun &#8220;hitap etti\u011fi kitle&#8221;nin tespitinin zorlu\u011fu. Kim, nas\u0131l, neye g\u00f6re karar verecek? Kim s\u0131n\u0131flayacak? Kim de\u011ferlendirecek? Bu sorular\u0131n net bir cevab\u0131 hala yok. Ancak olmas\u0131 i\u00e7in \u00e7al\u0131\u015f\u0131yoruz. \u00c7\u00fcnk\u00fc neden olmas\u0131n!<\/p>\n\n\n\n<p class=\"wp-block-paragraph\"><strong>Dili \u0130ngilizce<\/strong>: Hehe, \u015faka gibi madde koydum. Se\u00e7en de olmad\u0131. E g\u00fczel. E \u015fahane. Lingua Franca \u0130ngilizce olabilir ama her \u0130ngilizce makale uluslararas\u0131 de\u011fil. Aslan takip\u00e7ilerim benim. <\/p>\n\n\n\n<h2 class=\"wp-block-heading\">\u00c7\u00f6z\u00fcm?<\/h2>\n\n\n\n<p class=\"wp-block-paragraph\">Asl\u0131nda sorunun yan\u0131t\u0131n\u0131 en ba\u015fta verdim san\u0131r\u0131m. Sayma sistemi ve uluslararas\u0131\/ulusal alg\u0131s\u0131 bu sorunu yarat\u0131yorsa bak\u0131\u015f a\u00e7\u0131s\u0131n\u0131 de\u011fi\u015ftirmek gerek. Bununla ne mi kast ediyorum? \u015eunu: <\/p>\n\n\n\n<p class=\"wp-block-paragraph\">Burada ne zaman \u00e7ok dillilik \u00f6vsem &#8220;\u0130ngilizce yay\u0131n yapamayan da \u00e7ok dillilik \u00f6v\u00fcyor&#8221; tepkisiyle kar\u015f\u0131la\u015f\u0131yorum. Kendi yay\u0131n pratiklerime g\u00f6re ara\u015ft\u0131rma performans de\u011ferlendirme sistemleri tavsiye etsem (bkz. <a href=\"http:\/\/www.zehrataskin.com\/index.php\/yayinlar-publications\/\" target=\"_blank\" rel=\"noreferrer noopener\">http:\/\/www.zehrataskin.com\/index.php\/yayinlar-publications\/<\/a>) s\u00f6yledi\u011fim\/yazd\u0131\u011f\u0131m \u015feyler \u00e7ok farkl\u0131 olurdu zaten de bu tepkiler \u00fclkedeki bilimsel yay\u0131nlara bak\u0131\u015f a\u00e7\u0131s\u0131n\u0131 \u00e7ok do\u011fru yans\u0131t\u0131yor. Bilim sadece temel bilimlerden ibaret de\u011fil. Her bilim dal\u0131n\u0131n alt alanlar\u0131 ve her bir alt alan\u0131n kendine has karakteristikleri var. Bilimsel ileti\u015fim \u00f6nemli evet ama bilim ileti\u015fimi de en az onun kadar \u00f6nemli. Halka ula\u015fmayan bilimin kimseye faydas\u0131 yok. Olmaz. Dolay\u0131s\u0131yla bilimde de tek ger\u00e7ek, tek do\u011fru, tek anlay\u0131\u015f olamaz.<\/p>\n\n\n\n<p class=\"wp-block-paragraph\">Yine \u00f6rnekle gidelim: UBYT&#8217;de sanat ve be\u015feri bilimlerin etki fakt\u00f6r\u00fc hesaplanmad\u0131\u011f\u0131 i\u00e7in t\u00fcm dergiler son te\u015fvik grubunda destekleniyor ve en d\u00fc\u015f\u00fck te\u015fvi\u011fi al\u0131yorlar. Bir a\u00e7\u0131dan bak\u0131nca sanat dergilerine pozitif ayr\u0131mc\u0131l\u0131k yap\u0131ld\u0131\u011f\u0131n\u0131 s\u00f6yleyenler yok de\u011fil. Ancak \u00f6b\u00fcr taraftan bak\u0131nca politika yap\u0131c\u0131lar\u0131n alg\u0131s\u0131na g\u00f6re hi\u00e7bir sanat ve be\u015feri bilimler dergisinin &#8220;en iyi&#8221; s\u0131n\u0131f\u0131na giremeyece\u011fini de s\u00f6ylemek m\u00fcmk\u00fcn. Ger\u00e7ek pozitif ayr\u0131mc\u0131l\u0131k bu de\u011fil. Konuyla ilgili detayl\u0131 okuma i\u00e7in buradan devam: <a href=\"http:\/\/www.zehrataskin.com\/wp-content\/uploads\/2020\/06\/TK_2020_UBYT.pdf\" target=\"_blank\" rel=\"noreferrer noopener\">http:\/\/www.zehrataskin.com\/wp-content\/uploads\/2020\/06\/TK_2020_UBYT.pdf<\/a><\/p>\n\n\n\n<p class=\"wp-block-paragraph\">\u00c7ok uzatt\u0131m. Bu konunun bir \u00e7\u00f6z\u00fcm\u00fc var ama genellikle o \u00e7\u00f6z\u00fcm \u00e7ok tercih edilmiyor. \u00c7\u00fcnk\u00fc o \u00e7\u00f6z\u00fcmde karar vericilerin objektif kararlar\u0131na g\u00fcvenebilmek gerek. Bu \u00e7\u00f6z\u00fcm\u00fc biraz bekletelim o y\u00fczden.<\/p>\n\n\n\n<p class=\"wp-block-paragraph\">K\u0131sa s\u00fcreli \u00e7\u00f6z\u00fcmler i\u00e7in ise elmas a\u00e7\u0131k eri\u015fimli ulusal dergilere k\u0131ymet verelim, destek verelim ve Helsinki \u00e7ok dillilik giri\u015fimini destekleyelim: <a href=\"https:\/\/www.helsinki-initiative.org\/\" target=\"_blank\" rel=\"noreferrer noopener\">https:\/\/www.helsinki-initiative.org\/ <\/a><\/p>\n\n\n\n<p class=\"wp-block-paragraph\">xoxo :=)<\/p>\n","protected":false},"excerpt":{"rendered":"<p>Bir twitter anketinin d\u00fc\u015f\u00fcnd\u00fcrd\u00fckleri Ge\u00e7en g\u00fcn s\u00f6z verdi\u011fim gibi a\u015fa\u011f\u0131daki anketin sonu\u00e7lar\u0131 \u0130ngilizce yaz\u0131lm\u0131\u015f bir &#8220;Akademisyenlerin uluslararas\u0131 dergi alg\u0131s\u0131: T\u00fcrkiye \u00f6rne\u011fi&#8221; makalesinin konusu olmad\u0131. Sarka\u00e7&#8216;ta&#8230;<\/p>\n<div class=\"more-link-wrapper\"><a class=\"more-link\" href=\"https:\/\/www.zehrataskin.com\/index.php\/2022\/06\/03\/arastirmacilarin-uluslararasi-algisi\/\">Devam\u0131n\u0131 okuyun<span class=\"screen-reader-text\">Ara\u015ft\u0131rmac\u0131lar\u0131n &#8220;uluslararas\u0131&#8221; alg\u0131s\u0131<\/span><\/a><\/div>\n","protected":false},"author":1,"featured_media":0,"comment_status":"open","ping_status":"open","sticky":false,"template":"","format":"standard","meta":{"_jetpack_newsletter_access":"","_jetpack_dont_email_post_to_subs":false,"_jetpack_newsletter_tier_id":0,"_jetpack_memberships_contains_paywalled_content":false,"_jetpack_feature_clip_id":0,"_jetpack_memberships_contains_paid_content":false,"footnotes":"","jetpack_post_was_ever_published":false},"categories":[1],"tags":[],"class_list":["post-938","post","type-post","status-publish","format-standard","hentry","category-genel","entry"],"jetpack_sharing_enabled":true,"jetpack_featured_media_url":"","_links":{"self":[{"href":"https:\/\/www.zehrataskin.com\/index.php\/wp-json\/wp\/v2\/posts\/938","targetHints":{"allow":["GET"]}}],"collection":[{"href":"https:\/\/www.zehrataskin.com\/index.php\/wp-json\/wp\/v2\/posts"}],"about":[{"href":"https:\/\/www.zehrataskin.com\/index.php\/wp-json\/wp\/v2\/types\/post"}],"author":[{"embeddable":true,"href":"https:\/\/www.zehrataskin.com\/index.php\/wp-json\/wp\/v2\/users\/1"}],"replies":[{"embeddable":true,"href":"https:\/\/www.zehrataskin.com\/index.php\/wp-json\/wp\/v2\/comments?post=938"}],"version-history":[{"count":10,"href":"https:\/\/www.zehrataskin.com\/index.php\/wp-json\/wp\/v2\/posts\/938\/revisions"}],"predecessor-version":[{"id":951,"href":"https:\/\/www.zehrataskin.com\/index.php\/wp-json\/wp\/v2\/posts\/938\/revisions\/951"}],"wp:attachment":[{"href":"https:\/\/www.zehrataskin.com\/index.php\/wp-json\/wp\/v2\/media?parent=938"}],"wp:term":[{"taxonomy":"category","embeddable":true,"href":"https:\/\/www.zehrataskin.com\/index.php\/wp-json\/wp\/v2\/categories?post=938"},{"taxonomy":"post_tag","embeddable":true,"href":"https:\/\/www.zehrataskin.com\/index.php\/wp-json\/wp\/v2\/tags?post=938"}],"curies":[{"name":"wp","href":"https:\/\/api.w.org\/{rel}","templated":true}]}}