{"id":981,"date":"2022-07-04T11:02:09","date_gmt":"2022-07-04T08:02:09","guid":{"rendered":"http:\/\/www.zehrataskin.com\/?p=981"},"modified":"2022-07-04T11:03:08","modified_gmt":"2022-07-04T08:03:08","slug":"atif-nedir-neden-yapilir-neden-yapilmaz","status":"publish","type":"post","link":"https:\/\/www.zehrataskin.com\/index.php\/2022\/07\/04\/atif-nedir-neden-yapilir-neden-yapilmaz\/","title":{"rendered":"At\u0131f nedir? Neden yap\u0131l\u0131r, neden yap\u0131lmaz?"},"content":{"rendered":"\n<p class=\"wp-block-paragraph\">Uzun zamand\u0131r akademisyenlerin at\u0131f motivasyonlar\u0131 \u00fczerine \u00e7al\u0131\u015f\u0131yorum. Ancak bu sabah gelen bir e-postaya cevap verdikten sonra bununla do\u011frudan ilgili hi\u00e7bir bilim ileti\u015fimi \u00e7\u0131kt\u0131s\u0131 yazmad\u0131\u011f\u0131m\u0131 fark ettim. Asl\u0131nda blogum i\u00e7in ba\u015fka bir yaz\u0131 var s\u0131rada bekletti\u011fim ama s\u0131ca\u011f\u0131 s\u0131ca\u011f\u0131na buna k\u0131smetmi\u015f. \u00d6ne ald\u0131m. Buyurun buradan. <\/p>\n\n\n\n<p class=\"wp-block-paragraph\">Bu yaz\u0131n\u0131n temel motivasyonu a\u015fa\u011f\u0131daki e-posta. <\/p>\n\n\n\n<figure class=\"wp-block-image size-large\"><img loading=\"lazy\" decoding=\"async\" width=\"1024\" height=\"247\" src=\"http:\/\/www.zehrataskin.com\/wp-content\/uploads\/2022\/07\/Blog_zt_04.07.222-1024x247.jpg\" alt=\"\" class=\"wp-image-982\" srcset=\"https:\/\/www.zehrataskin.com\/wp-content\/uploads\/2022\/07\/Blog_zt_04.07.222-1024x247.jpg 1024w, https:\/\/www.zehrataskin.com\/wp-content\/uploads\/2022\/07\/Blog_zt_04.07.222-300x72.jpg 300w, https:\/\/www.zehrataskin.com\/wp-content\/uploads\/2022\/07\/Blog_zt_04.07.222-768x185.jpg 768w, https:\/\/www.zehrataskin.com\/wp-content\/uploads\/2022\/07\/Blog_zt_04.07.222.jpg 1200w\" sizes=\"auto, (max-width: 1024px) 100vw, 1024px\" \/><\/figure>\n\n\n\n<p class=\"wp-block-paragraph\">\u00c7ok uzatmadan k\u0131sa bir giri\u015f yapay\u0131m. Akademisyenler neden at\u0131f yapar sorusunun cevab\u0131 y\u0131llar \u00f6nce verilmi\u015f. \u00c7ok say\u0131da s\u0131n\u0131flama var bununla ilgili. Garfield&#8217;\u0131n 14 maddelik s\u0131n\u0131flamas\u0131 en me\u015fhuru. Her at\u0131f motivasyonu \u00e7al\u0131\u015fmas\u0131 bununla ba\u015fl\u0131yor neredeyse. Doktora tezimin ikinci sayfas\u0131nda var. E\u011fer merak ediyorsan\u0131z sizi oraya alay\u0131m: <a href=\"http:\/\/www.zehrataskin.com\/wp-content\/uploads\/2019\/09\/ZT_PhD.pdf\" target=\"_blank\" rel=\"noreferrer noopener\">http:\/\/www.zehrataskin.com\/wp-content\/uploads\/2019\/09\/ZT_PhD.pdf<\/a> <\/p>\n\n\n\n<p class=\"wp-block-paragraph\">At\u0131f neden yap\u0131l\u0131r sorusunun yan\u0131t\u0131 ge\u00e7mi\u015fte \u00e7ok g\u00fczel tan\u0131mlanm\u0131\u015f. &#8220;At\u0131flar karda ayak izleridir, bir sonraki ara\u015ft\u0131rmac\u0131n\u0131n yolunu bulmas\u0131n\u0131 kolayla\u015ft\u0131r\u0131r&#8221;. Yani asl\u0131nda bina in\u015fa etmek gibi. Temelini ba\u015fka birinin in\u015fa etti\u011fi bir binay\u0131 dikiyorsunuz. Facebook ilk \u00e7\u0131kt\u0131\u011f\u0131 s\u0131rada bir oyun vard\u0131 &#8220;Tower bloxx&#8221; ad\u0131nda. At\u0131f yapmay\u0131 ona benzetiyorum s\u0131k s\u0131k. E\u011fer sizden \u00f6ncekiler do\u011fru in\u015fa etmediyse y\u0131k\u0131l\u0131yor, do\u011fru in\u015faa ettilerse uzaya kadar yolunuz var. Asl\u0131nda at\u0131f yapman\u0131n temel mant\u0131\u011f\u0131 da tu\u011fla koymak. Siz ba\u015fkalar\u0131n\u0131n tu\u011flalar\u0131ndan yeni bir tu\u011fla yarat\u0131yorsunuz ve bir sonraki basamakta di\u011fer ara\u015ft\u0131rmac\u0131lar taraf\u0131ndan g\u00f6r\u00fcl\u00fcrse, anla\u015f\u0131l\u0131rsa, at\u0131f yapmaya de\u011fer g\u00f6r\u00fcl\u00fcrse bina in\u015faas\u0131nda kullan\u0131l\u0131yor. <\/p>\n\n\n<div class=\"wp-block-image\">\n<figure class=\"aligncenter size-full is-resized\"><img loading=\"lazy\" decoding=\"async\" src=\"http:\/\/www.zehrataskin.com\/wp-content\/uploads\/2022\/07\/towerblox.png\" alt=\"\" class=\"wp-image-983\" width=\"219\" height=\"292\" srcset=\"https:\/\/www.zehrataskin.com\/wp-content\/uploads\/2022\/07\/towerblox.png 480w, https:\/\/www.zehrataskin.com\/wp-content\/uploads\/2022\/07\/towerblox-225x300.png 225w\" sizes=\"auto, (max-width: 219px) 100vw, 219px\" \/><figcaption>Tower Bloxx<\/figcaption><\/figure>\n<\/div>\n\n\n<p class=\"wp-block-paragraph\">Burada at\u0131flar\u0131n neden ve nas\u0131l yap\u0131ld\u0131\u011f\u0131 sorusuna cevap verebilmek i\u00e7in kendi geli\u015ftirdi\u011fim s\u0131n\u0131flama \u015femas\u0131ndan bahsedeyim biraz. Bu s\u0131n\u0131flama \u015femas\u0131n\u0131n \u015fu anda pek \u00e7ok \u00e7al\u0131\u015fmada kullan\u0131ld\u0131\u011f\u0131n\u0131 g\u00f6rmek benim a\u00e7\u0131mdan \u015fahane. O y\u00fczden gururla kendime at\u0131f yap\u0131yorum :=) <\/p>\n\n\n<div class=\"wp-block-image\">\n<figure class=\"aligncenter size-full is-resized\"><img loading=\"lazy\" decoding=\"async\" src=\"http:\/\/www.zehrataskin.com\/wp-content\/uploads\/2022\/07\/AtifSiniflari.jpg\" alt=\"\" class=\"wp-image-984\" width=\"555\" height=\"390\" srcset=\"https:\/\/www.zehrataskin.com\/wp-content\/uploads\/2022\/07\/AtifSiniflari.jpg 932w, https:\/\/www.zehrataskin.com\/wp-content\/uploads\/2022\/07\/AtifSiniflari-300x211.jpg 300w, https:\/\/www.zehrataskin.com\/wp-content\/uploads\/2022\/07\/AtifSiniflari-768x541.jpg 768w\" sizes=\"auto, (max-width: 555px) 100vw, 555px\" \/><figcaption>Tezimde geli\u015ftirdi\u011fim taksonomik at\u0131f s\u0131n\u0131flama \u015femas\u0131<\/figcaption><\/figure>\n<\/div>\n\n\n<p class=\"wp-block-paragraph\">S\u0131n\u0131flama \u015femama g\u00f6re d\u00f6rt ana grup var. Bunlar:<\/p>\n\n\n\n<ul class=\"wp-block-list\"><li><strong>Yap\u0131lma amac\u0131 a\u00e7\u0131s\u0131ndan:<\/strong> Yazar ne ama\u00e7 g\u00fcderek at\u0131f yapm\u0131\u015f sorusuna cevap veriyor. \u00c7\u00fcnk\u00fc literat\u00fcr ama\u00e7l\u0131 yap\u0131lan ve at\u0131f yapan\u0131n makalenizi okuyup okumad\u0131\u011f\u0131ndan bile emin olmad\u0131\u011f\u0131n\u0131z bir at\u0131f ile sizin geli\u015ftirdi\u011finiz y\u00f6ntemi kullanan bir ara\u015ft\u0131rmac\u0131n\u0131n motivasyonu ve makalenize atfetti\u011fi de\u011fer farkl\u0131. Bunun anla\u015f\u0131lmas\u0131 \u00f6nemli. <\/li><li><strong>Verili\u015f \u015fekli a\u00e7\u0131s\u0131ndan: <\/strong>Son zamanlarda -\u00f6zellikle de otomatik literat\u00fcr analiz ara\u00e7lar\u0131n\u0131n yayg\u0131nla\u015fmas\u0131yla- \u015fu t\u00fcrde at\u0131flar\u0131 \u00e7ok g\u00f6r\u00fcr olduk: &#8220;Bu alanda son y\u0131llarda yap\u0131lan \u00e7ok \u00f6nemli \u00e7al\u0131\u015fmalar vard\u0131r (x, 2011; x &amp; y, 2010; y &amp; x, 2008)&#8221; -makalenin yazar\u0131 X veya Y, evet. Son y\u0131llarda diyerek 10 y\u0131ll\u0131k \u00e7al\u0131\u015fmalara at\u0131f yapmalar\u0131ndan ve \u00f6nemli ifadelerinden anlad\u0131k :=). Neyse. \u015eimdi bu t\u00fcrden bir toplu at\u0131fla yazar ad\u0131 an\u0131larak yap\u0131lan at\u0131f aras\u0131nda da fark olmal\u0131. Ancak maalesef akademik yaz\u0131mla ilgili e\u011fitim eksikli\u011fi nedeniyle yazar ad\u0131 kullan\u0131m\u0131 bazen bilin\u00e7li tercih olmuyor. Yine de birinin \u00e7al\u0131\u015fmas\u0131na \u00f6zel vurgu yap\u0131lmak istendi\u011finde s\u0131kl\u0131kla isim an\u0131larak yap\u0131l\u0131yor ve bu vurgu toplu at\u0131ftan \u00f6nemli. <\/li><li><strong>Dizilimi a\u00e7\u0131s\u0131ndan: <\/strong>Bu s\u0131n\u0131f da bir \u00f6ncekine benziyor asl\u0131nda. Ka\u00e7 kere at\u0131f yap\u0131lm\u0131\u015f, hangi b\u00f6l\u00fcmde yap\u0131lm\u0131\u015f, ka\u00e7 farkl\u0131 b\u00f6l\u00fcmde yap\u0131lm\u0131\u015f vs. <\/li><li><strong>Anlam\u0131 a\u00e7\u0131s\u0131ndan: <\/strong>Benim \u00e7al\u0131\u015ft\u0131\u011f\u0131m konuda \u00e7al\u0131\u015fan pek \u00e7ok akademik en \u00e7ok pozitif ve negatif at\u0131flar\u0131 ay\u0131rt etmek istiyor ancak bu i\u015f tahmin edildi\u011fi kadar kolay de\u011fil. Son makalemizin 21-22. sayfalar\u0131nda bunun gerek\u00e7elerini bulabilirsiniz: <a rel=\"noreferrer noopener\" href=\"https:\/\/osf.io\/642ad\/\" target=\"_blank\">https:\/\/osf.io\/642ad\/<\/a> T\u00fcm sistemin saymaya dayand\u0131\u011f\u0131 ara\u015ft\u0131rma performans de\u011ferlendirmelerinde pozitif at\u0131fa art\u0131, negatif at\u0131fa eksi verecek bir sistem tasar\u0131m\u0131 fikri bir distopya. \u00dctopya de\u011fil bak. <\/li><\/ul>\n\n\n\n<p class=\"wp-block-paragraph\">Bu s\u0131n\u0131flama sistemi ile 2017 y\u0131l\u0131nda Eugene Garfield \u00f6d\u00fcl\u00fcne ba\u015fvurup a\u015fa\u011f\u0131daki maili alm\u0131\u015ft\u0131m .<\/p>\n\n\n\n<figure class=\"wp-block-image size-full\"><img loading=\"lazy\" decoding=\"async\" width=\"723\" height=\"417\" src=\"http:\/\/www.zehrataskin.com\/wp-content\/uploads\/2022\/07\/EGA.jpg\" alt=\"\" class=\"wp-image-985\" srcset=\"https:\/\/www.zehrataskin.com\/wp-content\/uploads\/2022\/07\/EGA.jpg 723w, https:\/\/www.zehrataskin.com\/wp-content\/uploads\/2022\/07\/EGA-300x173.jpg 300w\" sizes=\"auto, (max-width: 723px) 100vw, 723px\" \/><figcaption>2017 y\u0131l\u0131 ba\u015far\u0131s\u0131zl\u0131k hikayesi :=)<\/figcaption><\/figure>\n\n\n\n<p class=\"wp-block-paragraph\">Y\u0131l 2021 oldu\u011funda Web of Science enriched cited references uygulamas\u0131 ile yap\u0131lma amac\u0131 a\u00e7\u0131s\u0131ndan at\u0131flarla dizilimi a\u00e7\u0131s\u0131ndan at\u0131flar\u0131 birle\u015ftirerek sunan bir hizmet geli\u015ftirdi. scite ad\u0131nda ticari bir ba\u015fka at\u0131f dizini \u00e7\u0131kt\u0131 vs. Yani bug\u00fcn gelinen noktada at\u0131flar\u0131n s\u0131n\u0131flanmas\u0131na y\u00f6nelik inan\u0131lmaz bir talep var. \u00c7\u00fcnk\u00fc at\u0131f sayma i\u015fi deli i\u015fine d\u00f6nd\u00fc. At\u0131f yapma motivasyonu ara\u015ft\u0131rmalar\u0131n\u0131n sundu\u011fu s\u0131n\u0131flamalar bir hayli de\u011fi\u015fti. At\u0131f yapma veya yapmama karar\u0131n\u0131 etkileyen g\u00f6rmezden gelmeler var. Eri\u015filebilirlik, g\u00f6r\u00fcn\u00fcrl\u00fck, do\u011fu-bat\u0131 hikayesi gibi \u00e7ok say\u0131da etmen var bunu do\u011furan ve bu etmenler konusunda herkesin fikir sahibi olmas\u0131 \u015fart. Bununla ilgili detaya girmeden \u00f6nce 2021&#8217;de Polonya&#8217;daki ekiple d\u00fczenledi\u011fimiz seminere bir g\u00f6z at\u0131n derim. Tart\u0131\u015fmalar\u0131n boyutunu g\u00f6rmek i\u00e7in \u00f6nemli olabilir.<\/p>\n\n\n\n<figure class=\"wp-block-embed is-type-video is-provider-youtube wp-block-embed-youtube wp-embed-aspect-16-9 wp-has-aspect-ratio\"><div class=\"wp-block-embed__wrapper\">\n<iframe loading=\"lazy\" title=\"Paying inattention: The art of ignoring others\u2019 work among Russian social scientists\" width=\"500\" height=\"281\" src=\"https:\/\/www.youtube.com\/embed\/V7t4QJ0sePI?feature=oembed\" frameborder=\"0\" allow=\"accelerometer; autoplay; clipboard-write; encrypted-media; gyroscope; picture-in-picture; web-share\" referrerpolicy=\"strict-origin-when-cross-origin\" allowfullscreen><\/iframe>\n<\/div><\/figure>\n\n\n\n<p class=\"wp-block-paragraph\">Ba\u015ftaki soruya d\u00f6nelim. Uzun bir mail att\u0131m sorunun sahibine. Buraya da listeleyeyim bu sebepleri: <\/p>\n\n\n\n<ul class=\"wp-block-list\"><li>NASA ve Tokyo Teknoloji Enstit\u00fcs\u00fc gibi kurumlarca desteklenen projelerde bu kurumlarda i\u015fe al\u0131m veya di\u011fer karar verme operasyonlar\u0131nda yard\u0131mc\u0131 olmak \u00fczere pek \u00e7ok \u00e7al\u0131\u015fma yapt\u0131m. Bu \u00e7al\u0131\u015fmalar\u0131n disiplinleraras\u0131 bir taraf\u0131 var. Yani t\u00fcm alanlara hitap ediyor. Ancak y\u00f6ntem olarak bilgibilim alan\u0131n\u0131n y\u00f6ntemlerini kullan\u0131yor. Son y\u0131llarda maalesef t\u00fcm alanlarda bibliyometrik g\u00f6rselle\u015ftirme \u00fczerine herkes taraf\u0131ndan yay\u0131n yap\u0131l\u0131yor ve bu yay\u0131nlar\u0131n literat\u00fcr b\u00f6l\u00fcmlerinde daha \u00f6nce at\u0131f alan yay\u0131nlar y\u00fczeysel olarak an\u0131l\u0131yor. Burada Matthew etkisinden bahsetmek de m\u00fcmk\u00fcn. Daha \u00f6nce hi\u00e7 okumad\u0131\u011f\u0131m veya bilmedi\u011fim pek \u00e7ok biyoloji veya tar\u0131m dergisinden at\u0131f al\u0131yorum ancak bu durum benim de onlara at\u0131f yapmam gerekti\u011fi anlam\u0131na gelmiyor. Ben okumad\u0131\u011f\u0131m veya yay\u0131n\u0131mla do\u011frudan alakal\u0131 olmayan yay\u0131nlara at\u0131f yapm\u0131yorum ve o grupta \u00e7ok say\u0131da bu gibi disiplinleraras\u0131 dergi var. A\u015fa\u011f\u0131daki tweet&#8217;te bahsedilen bildiriyi d\u00f6rt g\u00f6zle bekliyorum.<\/li><\/ul>\n\n\n<div class=\"wp-block-image\">\n<figure class=\"aligncenter size-full is-resized\"><img loading=\"lazy\" decoding=\"async\" src=\"http:\/\/www.zehrataskin.com\/wp-content\/uploads\/2022\/07\/STI_blog.jpg\" alt=\"\" class=\"wp-image-986\" width=\"604\" height=\"337\" srcset=\"https:\/\/www.zehrataskin.com\/wp-content\/uploads\/2022\/07\/STI_blog.jpg 606w, https:\/\/www.zehrataskin.com\/wp-content\/uploads\/2022\/07\/STI_blog-300x167.jpg 300w\" sizes=\"auto, (max-width: 604px) 100vw, 604px\" \/><figcaption><a href=\"https:\/\/twitter.com\/acabezas\/status\/1537003182404128771\" target=\"_blank\" rel=\"noreferrer noopener\">https:\/\/twitter.com\/acabezas\/status\/1537003182404128771<\/a><\/figcaption><\/figure>\n<\/div>\n\n\n<ul class=\"wp-block-list\"><li>At\u0131f yapmad\u0131\u011f\u0131m ancak bana s\u0131k at\u0131f yapan dergilere \u00f6nemsiz diyemem ama ilgisiz diyebilirim. Benim \u00e7al\u0131\u015fma alan\u0131mla ilgili makaleler s\u0131k s\u0131k Scientometrics, JASIS&amp;T, Journal of Informetrics ve bunun gibi dergilerde yay\u0131nlan\u0131yor. Bu dergileri takip ediyor, makalelerimi bu dergilere g\u00f6nderiyorum. Yay\u0131nlar\u0131m i\u00e7in dergi se\u00e7erken izledi\u011fim yol da bu. Ba\u015fkas\u0131n\u0131n benim makalelerime at\u0131f yapmas\u0131ndan duydu\u011fum g\u00f6n\u00fcl borcuyla at\u0131f yapma gibi bir motivasyonum yok. Olmamal\u0131 zaten. En ba\u015fta yazd\u0131\u011f\u0131m gibi at\u0131f yapman\u0131n temel amac\u0131 tu\u011fla dizmek. En ilgili tu\u011flalar\u0131 tercih ediyorum. <\/li><li>Advances&#8230; adl\u0131 kaynak bir kitap serisi. Takip etmedi\u011fim bir yay\u0131nevi taraf\u0131ndan yay\u0131nlan\u0131yor ve i\u00e7eri\u011fi tam metin olarak benim k\u00fct\u00fcphanelerimden veya Web&#8217;den eri\u015filebilir de\u011fil. Burada yay\u0131nevine y\u00f6nelik bir \u00f6nyarg\u0131m yok. Bilgim de yok. <\/li><li>Baz\u0131 bilgisayar bilimi dergilerinden s\u0131k at\u0131f al\u0131yorum \u00e7\u00fcnk\u00fc at\u0131f i\u00e7erik analizi \u00e7al\u0131\u015fmalar\u0131mda makine \u00f6\u011frenmesi y\u00f6ntemlerinden yararland\u0131m ve bu \u00e7al\u0131\u015fmalar\u0131m \u00f6rnek olarak s\u0131k an\u0131l\u0131yor. Ancak alan\u0131m do\u011frudan bilgisayar bilimi de\u011fil. Benim \u00e7al\u0131\u015fmam onlar i\u00e7in bir uygulama \u00f6rne\u011fi oldu\u011fu i\u00e7in s\u0131k at\u0131f al\u0131yor. <\/li><\/ul>\n\n\n\n<p class=\"wp-block-paragraph\">Yukar\u0131da listediklerim benim e-postaya yan\u0131t olarak verdi\u011fim cevaplar. Bir konuda yap\u0131lm\u0131\u015f \u00e7al\u0131\u015fma konumla ilgiliyse at\u0131f yap\u0131yorum. \u00d6te yandan pratikte \u00e7ok \u015fahit oldu\u011fum baz\u0131 at\u0131f yapma\/yapmama pratikleri var ve onlara de\u011finmeden ge\u00e7emeyece\u011fim. Bunlar \u00e7ok komik uygulamalar ve d\u0131\u015far\u0131dan bak\u0131nca \u00e7ok ho\u015f g\u00f6r\u00fcnm\u00fcyor: <\/p>\n\n\n\n<ul class=\"wp-block-list\"><li>\u0130\u00e7erik tabanl\u0131 at\u0131f analizini yaparken tam metinlerden at\u0131f c\u00fcmlelerini \u00e7\u0131kard\u0131m ve analiz ettim. G\u00f6rd\u00fc\u011f\u00fcm komik uygulamalardan biri belirli yazarlara ait metin i\u00e7inde an\u0131lan makalenin kaynak\u00e7ada an\u0131lm\u0131yor olu\u015fuydu. Elbette bu durum &#8220;sehven yap\u0131lm\u0131\u015f ve edit\u00f6r\u00fcn de g\u00f6z\u00fcnden ka\u00e7m\u0131\u015f&#8221; \u015feklinde yorumlanabilir ama ortada bir \u00f6r\u00fcnt\u00fc varsa soru i\u015fareti do\u011furabiliyor. <\/li><li>&#8220;Bu konuda yap\u0131lm\u0131\u015f g\u00fcncel \u00e7al\u0131\u015fmalar vard\u0131r&#8221; diyerek bir yazar\u0131n kendine ait en az 10 y\u0131ll\u0131k \u00e7al\u0131\u015fmalar\u0131na at\u0131f vermesi ama ilgili konudaki en g\u00fcncel \u00e7al\u0131\u015fmalara at\u0131f yapmaktan ka\u00e7\u0131nmas\u0131 da \u00e7ok ilgin\u00e7. Bunu k\u00f6peklerin alan belirleme i\u015femelerine (territorial pissing) benzetiyorum ben. Google Scholar&#8217;da at\u0131f say\u0131s\u0131n\u0131 art\u0131r\u0131yor olabilir ancak bu uygulama d\u0131\u015far\u0131dan \u00e7ok ho\u015f g\u00f6r\u00fcnm\u00fcyor. <\/li><li>At\u0131f say\u0131s\u0131 ara\u015ft\u0131rma performans de\u011ferlendirme sistemlerinde yeri olan bir \u00f6l\u00e7\u00fc oldu\u011fu i\u00e7in \u00e7al\u0131\u015fma arkada\u015f\u0131na at\u0131f yapma, ne kadar ilgili olursa olsun rakibe (!) at\u0131f yapmama prati\u011fi de \u00e7ok yayg\u0131n. Asl\u0131nda bu da bir bak\u0131ma komik sonu\u00e7lara sebebiyet verebiliyor. Belirli bir kayna\u011fa at\u0131f yapmamak i\u00e7in at\u0131f yapt\u0131\u011f\u0131n\u0131z kayna\u011f\u0131n tarihi 2015. Ancak 2020&#8217;den sonra bu konuda \u00e7ok say\u0131da yay\u0131n yap\u0131lm\u0131\u015f ama hepsini sizin at\u0131f yapmamak istedi\u011finiz ki\u015fi yapm\u0131\u015f -gaddamit. \u00d6yle olunca yapt\u0131\u011f\u0131n\u0131z \u00e7al\u0131\u015fmada iyi bir literat\u00fcr incelemesi yapmad\u0131\u011f\u0131n\u0131z ortaya \u00e7\u0131k\u0131yor. <\/li><li>Bir de edit\u00f6rler veya hakemler taraf\u0131ndan talep edilen zoraki at\u0131flar var. Bunlar bazen kendine, bazen tan\u0131d\u0131klar\u0131na at\u0131f yap\u0131lmas\u0131n\u0131 isteme \u015feklinde ger\u00e7ekle\u015febiliyor. Bu durumda \u00e7o\u011fu akademisyen &#8220;ac\u0131s\u0131z bir kabul i\u00e7in yap kurtul&#8221; anlay\u0131\u015f\u0131n\u0131 benimsiyor -ki \u00e7o\u011fu durumda haks\u0131z de\u011filler. Ben tavsiye edilen yay\u0131n ger\u00e7ekten ilgiliyse ve g\u00f6z\u00fcmden ka\u00e7\u0131rd\u0131ysam ekliyorum ancak e\u011fer \u015f\u00fcpheli bir durum varsa edit\u00f6re mektupta belirtiyorum. Bu gerek\u00e7e ile reddedeceklerse edebileceklerini, ancak bunun do\u011fru bir yakla\u015f\u0131m olmayaca\u011f\u0131n\u0131 yaz\u0131yorum. <\/li><\/ul>\n\n\n\n<p class=\"wp-block-paragraph\">Bu maddeleri uzatmak m\u00fcmk\u00fcn. At\u0131f say\u0131s\u0131na verilen de\u011ferle birlikte a\u015fa\u011f\u0131daki tweetteki gibi hikayeleri \u00e7ok duyuyor veya deneyimliyoruz. \u00c7\u00fcnk\u00fc kimilerine g\u00f6re at\u0131f say\u0131s\u0131 &#8220;kalite&#8221; g\u00f6stergesi. Ancak hem yay\u0131n say\u0131s\u0131n\u0131n art\u0131\u015f\u0131, hem de at\u0131f yapman\u0131n anlam\u0131n\u0131n boyut de\u011fi\u015ftirmi\u015f olmas\u0131 bu ki\u015filerin yan\u0131ld\u0131\u011f\u0131n\u0131 g\u00f6steriyor. <\/p>\n\n\n<div class=\"wp-block-image\">\n<figure class=\"aligncenter size-full is-resized\"><img loading=\"lazy\" decoding=\"async\" src=\"http:\/\/www.zehrataskin.com\/wp-content\/uploads\/2022\/07\/tweet_.jpg\" alt=\"\" class=\"wp-image-987\" width=\"503\" height=\"407\" srcset=\"https:\/\/www.zehrataskin.com\/wp-content\/uploads\/2022\/07\/tweet_.jpg 598w, https:\/\/www.zehrataskin.com\/wp-content\/uploads\/2022\/07\/tweet_-300x243.jpg 300w\" sizes=\"auto, (max-width: 503px) 100vw, 503px\" \/><figcaption><a href=\"https:\/\/twitter.com\/jana_bacevic\/status\/1542214017044856833\" target=\"_blank\" rel=\"noreferrer noopener\">https:\/\/twitter.com\/jana_bacevic\/status\/1542214017044856833<\/a><\/figcaption><\/figure>\n<\/div>\n\n\n<p class=\"wp-block-paragraph\">Sizin de bu gibi g\u00f6rmezden gelinme veya g\u00f6rmezden gelme hikayeniz varsa bloga yorum olarak ekleyebilirsiniz. \u00d6rnekleri \u00e7e\u015fitlendirelim. Hadi bakal\u0131m. <\/p>\n","protected":false},"excerpt":{"rendered":"<p>Uzun zamand\u0131r akademisyenlerin at\u0131f motivasyonlar\u0131 \u00fczerine \u00e7al\u0131\u015f\u0131yorum. Ancak bu sabah gelen bir e-postaya cevap verdikten sonra bununla do\u011frudan ilgili hi\u00e7bir bilim ileti\u015fimi \u00e7\u0131kt\u0131s\u0131 yazmad\u0131\u011f\u0131m\u0131 fark&#8230;<\/p>\n<div class=\"more-link-wrapper\"><a class=\"more-link\" href=\"https:\/\/www.zehrataskin.com\/index.php\/2022\/07\/04\/atif-nedir-neden-yapilir-neden-yapilmaz\/\">Devam\u0131n\u0131 okuyun<span class=\"screen-reader-text\">At\u0131f nedir? Neden yap\u0131l\u0131r, neden yap\u0131lmaz?<\/span><\/a><\/div>\n","protected":false},"author":1,"featured_media":0,"comment_status":"open","ping_status":"open","sticky":false,"template":"","format":"standard","meta":{"_jetpack_newsletter_access":"","_jetpack_dont_email_post_to_subs":false,"_jetpack_newsletter_tier_id":0,"_jetpack_memberships_contains_paywalled_content":false,"_jetpack_feature_clip_id":0,"_jetpack_memberships_contains_paid_content":false,"footnotes":"","jetpack_post_was_ever_published":false},"categories":[1],"tags":[],"class_list":["post-981","post","type-post","status-publish","format-standard","hentry","category-genel","entry"],"jetpack_sharing_enabled":true,"jetpack_featured_media_url":"","_links":{"self":[{"href":"https:\/\/www.zehrataskin.com\/index.php\/wp-json\/wp\/v2\/posts\/981","targetHints":{"allow":["GET"]}}],"collection":[{"href":"https:\/\/www.zehrataskin.com\/index.php\/wp-json\/wp\/v2\/posts"}],"about":[{"href":"https:\/\/www.zehrataskin.com\/index.php\/wp-json\/wp\/v2\/types\/post"}],"author":[{"embeddable":true,"href":"https:\/\/www.zehrataskin.com\/index.php\/wp-json\/wp\/v2\/users\/1"}],"replies":[{"embeddable":true,"href":"https:\/\/www.zehrataskin.com\/index.php\/wp-json\/wp\/v2\/comments?post=981"}],"version-history":[{"count":4,"href":"https:\/\/www.zehrataskin.com\/index.php\/wp-json\/wp\/v2\/posts\/981\/revisions"}],"predecessor-version":[{"id":991,"href":"https:\/\/www.zehrataskin.com\/index.php\/wp-json\/wp\/v2\/posts\/981\/revisions\/991"}],"wp:attachment":[{"href":"https:\/\/www.zehrataskin.com\/index.php\/wp-json\/wp\/v2\/media?parent=981"}],"wp:term":[{"taxonomy":"category","embeddable":true,"href":"https:\/\/www.zehrataskin.com\/index.php\/wp-json\/wp\/v2\/categories?post=981"},{"taxonomy":"post_tag","embeddable":true,"href":"https:\/\/www.zehrataskin.com\/index.php\/wp-json\/wp\/v2\/tags?post=981"}],"curies":[{"name":"wp","href":"https:\/\/api.w.org\/{rel}","templated":true}]}}